{"id":694,"date":"2009-03-04T14:03:45","date_gmt":"2009-03-04T13:03:45","guid":{"rendered":"http:\/\/eco.logopress.es\/?p=694"},"modified":"2009-03-04T14:03:45","modified_gmt":"2009-03-04T13:03:45","slug":"mas-recesion-y-mas-paro-en-espana-segun-el-el-servicio-de-estudios-del-bbva","status":"publish","type":"post","link":"https:\/\/jesusfb.com\/index.php\/2009\/03\/mas-recesion-y-mas-paro-en-espana-segun-el-el-servicio-de-estudios-del-bbva\/","title":{"rendered":"M\u00e1s recesi\u00f3n y m\u00e1s paro en Espa\u00f1a, seg\u00fan el servicio de estudios del BBVA"},"content":{"rendered":"<p style=\"text-align: justify;\"><img loading=\"lazy\" decoding=\"async\" class=\"alignleft size-full wp-image-693\" title=\"1152779_snake\" src=\"http:\/\/eco.logopress.es\/wp-content\/uploads\/2009\/03\/1152779_snake.jpg\" alt=\"1152779_snake\" width=\"300\" height=\"300\" \/>La econom\u00eda espa\u00f1ola se contraer\u00e1 este a\u00f1o el 2,8% y seguir\u00e1 en recesi\u00f3n en 2010, a\u00f1o en el que caer\u00e1 el 0,3% seg\u00fan el informe de Situaci\u00f3n de BBVA. El informe se\u00f1ala que la recesi\u00f3n \u00absin precedentes\u00bb de la econom\u00eda mundial ha intensificado el proceso de ajuste de la econom\u00eda espa\u00f1ola m\u00e1s all\u00e1 de lo esperado hace cuatro meses, cuando este Servicio de Estudios preve\u00eda un retroceso de s\u00f3lo el 1% para este a\u00f1o. En este ejercicio, la tasa media de paro alcanzar\u00e1 el 17,7% -2,3 puntos por encima de la \u00faltima previsi\u00f3n- y el 19,7% en 2010.<\/p>\n<p style=\"text-align: justify;\">Seg\u00fan BBVA, la recesi\u00f3n de la econom\u00eda espa\u00f1ola estar\u00e1 muy en l\u00ednea con la de la de la zona del euro, que tendr\u00e1 un descenso medio del 2,5% este a\u00f1o y del 0,2% el que viene. El fuerte deterioro de la econom\u00eda, no obstante, se va a ver amortiguado por tres elementos: la rebaja de los tipos de inter\u00e9s, la ca\u00edda de los precios del crudo y de la inflaci\u00f3n, y una pol\u00edtica fiscal expansiva, que contribuir\u00e1n a acotar la disminuci\u00f3n del gasto y del empleo en 2009 y que ir\u00e1n en beneficio de la renta disponible de las familias. BBVA advierte en cualquier caso de que la salida de la recesi\u00f3n ser\u00e1 \u00abrelativamente lenta\u00bb. El Servicio de Estudios de BBVA propuso hoy al Gobierno una medida fiscal con la que cree que se podr\u00edan crear 280.000 empleos, y que consistir\u00eda en bajar en 3,5 puntos las cotizaciones sociales a las empresas y subir en dos puntos el Impuesto sobre el Valor A\u00f1adido (IVA).<\/p>\n<p style=\"text-align: justify;\">Seg\u00fan el director de este Servicio, Jos\u00e9 Luis Escriv\u00e1, la medida ser\u00eda \u00abneutral\u00bb en t\u00e9rminos de recaudaci\u00f3n, ya que la subida del IVA compensar\u00eda la bajada de las cotizaciones, y porque no es momento de disminuir los ingresos tributarios, en un a\u00f1o en el que las arcas p\u00fablicas podr\u00edan registrar un d\u00e9ficit \u00abdel 7% del PIB\u00bb. Esta sustituci\u00f3n de los ingresos de las cotizaciones sociales por IVA permitir\u00eda aumentar el empleo, seg\u00fan los c\u00e1lculos del banco, un 1,4%, lo que equivale a la creaci\u00f3n de 280.000 puestos de trabajo a tiempo completo, e incluso supondr\u00eda una aportaci\u00f3n al crecimiento del PIB de 0,55 puntos.<\/p>\n<p style=\"text-align: justify;\">El BBVA calcula que este a\u00f1o se alcanzar\u00e1n los 4,1 millones de desempleados registrados, y la cifra se elevar\u00e1 a 4,5 millones en 2010. As\u00ed lo apunt\u00f3 el economista jefe del banco y director de su Servicio de Estudios, Jos\u00e9 Luis Escriv\u00e1, para quien en una situaci\u00f3n como la actual es necesaria una reflexi\u00f3n \u00aben profundidad\u00bb sobre el mercado de trabajo, y hay que acometer cuanto antes una reforma laboral de calado. BBVA propone que dicha reforma incluya la creaci\u00f3n de un \u00abcontrato indefinido \u00fanico\u00bb para los nuevos puestos de trabajo, cuyos costes de despido aumenten seg\u00fan lo haga la antig\u00fcedad de los trabajadores, as\u00ed como un \u00abseguro de despido\u00bb como el que hay en Austria, que se vaya acumulando durante la vida laboral y revierta en el trabajador cuando empiece a cobrar la pensi\u00f3n.<\/p>\n","protected":false},"excerpt":{"rendered":"<p>La econom\u00eda espa\u00f1ola se contraer\u00e1 este a\u00f1o el 2,8% y seguir\u00e1 en recesi\u00f3n en 2010, a\u00f1o en el que caer\u00e1 el 0,3% seg\u00fan el informe de Situaci\u00f3n de BBVA. El informe se\u00f1ala que la recesi\u00f3n \u00absin precedentes\u00bb de la econom\u00eda &hellip;<\/p>\n<p class=\"read-more\"><a href=\"https:\/\/jesusfb.com\/index.php\/2009\/03\/mas-recesion-y-mas-paro-en-espana-segun-el-el-servicio-de-estudios-del-bbva\/\">Leer m\u00e1s &raquo;<\/a><\/p>\n","protected":false},"author":2,"featured_media":0,"comment_status":"open","ping_status":"closed","sticky":false,"template":"","format":"standard","meta":{"footnotes":"","jetpack_publicize_message":"","jetpack_publicize_feature_enabled":true,"jetpack_social_post_already_shared":false,"jetpack_social_options":{"image_generator_settings":{"template":"highway","default_image_id":0,"font":"","enabled":false},"version":2}},"categories":[7],"tags":[248,408,925,1201,1213,1241,1322,1439,4061,2112,2984,3289,3611,3920,4032,4043],"class_list":["post-694","post","type-post","status-publish","format-standard","hentry","category-noticias","tag-arcas","tag-bbva","tag-cotizaciones-sociales","tag-dos","tag-dos-puntos","tag-economia-mundial","tag-el-empleo","tag-empleos","tag-empresas","tag-iva","tag-paro-en-espana","tag-que-fuerte","tag-sin","tag-valor-anadido","tag-ya","tag-zona-del-euro"],"aioseo_notices":[],"jetpack_publicize_connections":[],"jetpack_featured_media_url":"","_links":{"self":[{"href":"https:\/\/jesusfb.com\/index.php\/wp-json\/wp\/v2\/posts\/694","targetHints":{"allow":["GET"]}}],"collection":[{"href":"https:\/\/jesusfb.com\/index.php\/wp-json\/wp\/v2\/posts"}],"about":[{"href":"https:\/\/jesusfb.com\/index.php\/wp-json\/wp\/v2\/types\/post"}],"author":[{"embeddable":true,"href":"https:\/\/jesusfb.com\/index.php\/wp-json\/wp\/v2\/users\/2"}],"replies":[{"embeddable":true,"href":"https:\/\/jesusfb.com\/index.php\/wp-json\/wp\/v2\/comments?post=694"}],"version-history":[{"count":0,"href":"https:\/\/jesusfb.com\/index.php\/wp-json\/wp\/v2\/posts\/694\/revisions"}],"wp:attachment":[{"href":"https:\/\/jesusfb.com\/index.php\/wp-json\/wp\/v2\/media?parent=694"}],"wp:term":[{"taxonomy":"category","embeddable":true,"href":"https:\/\/jesusfb.com\/index.php\/wp-json\/wp\/v2\/categories?post=694"},{"taxonomy":"post_tag","embeddable":true,"href":"https:\/\/jesusfb.com\/index.php\/wp-json\/wp\/v2\/tags?post=694"}],"curies":[{"name":"wp","href":"https:\/\/api.w.org\/{rel}","templated":true}]}}