{"id":3131,"date":"2012-11-05T20:48:34","date_gmt":"2012-11-05T18:48:34","guid":{"rendered":"http:\/\/www.jesusfb.com\/?p=3131"},"modified":"2012-11-05T20:48:49","modified_gmt":"2012-11-05T18:48:49","slug":"el-recetazo","status":"publish","type":"post","link":"https:\/\/jesusfb.com\/index.php\/2012\/11\/el-recetazo\/","title":{"rendered":"El \u00abrecetazo\u00bb"},"content":{"rendered":"<p style=\"text-align: justify;\"><a href=\"https:\/\/jesusfb.com\/wp-content\/uploads\/2012\/11\/Farmacia.jpg\"><img loading=\"lazy\" decoding=\"async\" class=\"alignleft size-medium wp-image-3132\" title=\"Farmacia\" src=\"https:\/\/jesusfb.com\/wp-content\/uploads\/2012\/11\/Farmacia-300x220.jpg\" alt=\"\" width=\"300\" height=\"220\" srcset=\"https:\/\/jesusfb.com\/wp-content\/uploads\/2012\/11\/Farmacia-300x220.jpg 300w, https:\/\/jesusfb.com\/wp-content\/uploads\/2012\/11\/Farmacia.jpg 448w\" sizes=\"auto, (max-width: 300px) 100vw, 300px\" \/><\/a>Poco a poco van cayendo nuevos recortes, tasas e impuestos. No es que me escandalice, que ya lo esperaba desde hace tiempo, pero retrata a los pol\u00edticos que tratan de hacer malabarismos con las cuentas. No importa el signo pol\u00edtico ya que a este respecto todos est\u00e1n cortados por el mismo patr\u00f3n, pero llama la atenci\u00f3n c\u00f3mo se retuerce la realidad haciendo falsas promesas.<\/p>\n<p style=\"text-align: justify;\">Madrid anda necesitado de dinero, igual que otras comunidades aut\u00f3nomas, y los milagros en econom\u00eda no existen. O subes los impuestos, o bajas los gastos, o las dos cosas al mismo tiempo. No ser\u00e9 yo quien censure a Ignacio Gonz\u00e1lez por haber aprobado el recetazo en Madrid, lo que censuro es que no lo haya impuesto Ana Mato para todas las comunidades aut\u00f3nomas. La sanidad, la educaci\u00f3n y las pensiones son los tres grandes pilares del Estado del bienestar o del Estado social, como dice nuestra Constituci\u00f3n. Pero ni es gratis ni es f\u00e1cil. La sanidad se presta, sobre todo, a abusos y derroches que ponen en peligro la extensi\u00f3n del sistema de salud p\u00fablica a todos los espa\u00f1oles. Pero debe ser igual para todos.<\/p>\n<p style=\"text-align: justify;\">Expertos habr\u00e1 para buscar medidas de ahorro, pero lo que es a todas luces impresentable es ahondar en un sistema en el que hay espa\u00f1oles de primera y de segunda. La salud no debe ser motivo de discriminaci\u00f3n entre ciudadanos en funci\u00f3n de la CCAA en la que vivan. No se puede admitir que en Catalu\u00f1a o Madrid las recetas cuesten m\u00e1s que en Andaluc\u00eda o Galicia. Que Navarra haya decretado la insumisi\u00f3n fiscal en materia sanitaria para sus pensionistas, medida que, previsiblemente, se extienda al Pa\u00eds Vasco. Dif\u00edcilmente vamos a mantener la caja \u00fanica de las pensiones si ya hemos roto la de la salud. De ah\u00ed al s\u00e1lvese quien pueda, hay un paso.<\/p>\n<p style=\"text-align: justify;\"><strong>Art\u00edculo publicado por Jes\u00fas F. Brice\u00f1o en el diario LA GACETA (Madrid), el 4 de noviembre de 2012<\/strong><\/p>\n","protected":false},"excerpt":{"rendered":"<p>Poco a poco van cayendo nuevos recortes, tasas e impuestos. No es que me escandalice, que ya lo esperaba desde hace tiempo, pero retrata a los pol\u00edticos que tratan de hacer malabarismos con las cuentas. No importa el signo pol\u00edtico &hellip;<\/p>\n<p class=\"read-more\"><a href=\"https:\/\/jesusfb.com\/index.php\/2012\/11\/el-recetazo\/\">Leer m\u00e1s &raquo;<\/a><\/p>\n","protected":false},"author":2,"featured_media":0,"comment_status":"open","ping_status":"closed","sticky":false,"template":"","format":"standard","meta":{"footnotes":"","jetpack_publicize_message":"","jetpack_publicize_feature_enabled":true,"jetpack_social_post_already_shared":false,"jetpack_social_options":{"image_generator_settings":{"template":"highway","default_image_id":0,"font":"","enabled":false},"version":2}},"categories":[4,8],"tags":[],"class_list":["post-3131","post","type-post","status-publish","format-standard","hentry","category-economia","category-politica"],"aioseo_notices":[],"jetpack_publicize_connections":[],"jetpack_featured_media_url":"","_links":{"self":[{"href":"https:\/\/jesusfb.com\/index.php\/wp-json\/wp\/v2\/posts\/3131","targetHints":{"allow":["GET"]}}],"collection":[{"href":"https:\/\/jesusfb.com\/index.php\/wp-json\/wp\/v2\/posts"}],"about":[{"href":"https:\/\/jesusfb.com\/index.php\/wp-json\/wp\/v2\/types\/post"}],"author":[{"embeddable":true,"href":"https:\/\/jesusfb.com\/index.php\/wp-json\/wp\/v2\/users\/2"}],"replies":[{"embeddable":true,"href":"https:\/\/jesusfb.com\/index.php\/wp-json\/wp\/v2\/comments?post=3131"}],"version-history":[{"count":2,"href":"https:\/\/jesusfb.com\/index.php\/wp-json\/wp\/v2\/posts\/3131\/revisions"}],"predecessor-version":[{"id":3134,"href":"https:\/\/jesusfb.com\/index.php\/wp-json\/wp\/v2\/posts\/3131\/revisions\/3134"}],"wp:attachment":[{"href":"https:\/\/jesusfb.com\/index.php\/wp-json\/wp\/v2\/media?parent=3131"}],"wp:term":[{"taxonomy":"category","embeddable":true,"href":"https:\/\/jesusfb.com\/index.php\/wp-json\/wp\/v2\/categories?post=3131"},{"taxonomy":"post_tag","embeddable":true,"href":"https:\/\/jesusfb.com\/index.php\/wp-json\/wp\/v2\/tags?post=3131"}],"curies":[{"name":"wp","href":"https:\/\/api.w.org\/{rel}","templated":true}]}}