{"id":3104,"date":"2012-09-23T00:40:33","date_gmt":"2012-09-22T22:40:33","guid":{"rendered":"http:\/\/www.jesusfb.com\/?p=3104"},"modified":"2012-10-22T00:46:15","modified_gmt":"2012-10-21T22:46:15","slug":"el-golpe-del-rey","status":"publish","type":"post","link":"https:\/\/jesusfb.com\/index.php\/2012\/09\/el-golpe-del-rey\/","title":{"rendered":"El golpe del Rey"},"content":{"rendered":"<p style=\"text-align: justify;\"><a href=\"https:\/\/jesusfb.com\/wp-content\/uploads\/2012\/10\/corona.png\"><img loading=\"lazy\" decoding=\"async\" class=\"alignleft size-medium wp-image-3105\" title=\"corona\" src=\"https:\/\/jesusfb.com\/wp-content\/uploads\/2012\/10\/corona-300x160.png\" alt=\"\" width=\"300\" height=\"160\" srcset=\"https:\/\/jesusfb.com\/wp-content\/uploads\/2012\/10\/corona-300x160.png 300w, https:\/\/jesusfb.com\/wp-content\/uploads\/2012\/10\/corona.png 448w\" sizes=\"auto, (max-width: 300px) 100vw, 300px\" \/><\/a>Se amontonan los asuntos candentes en la mesa de Rajoy, todos urgentes y ninguno aplazable. A la decisi\u00f3n sobre el rescate se le ha unido el vendaval separatista de Catalu\u00f1a, el ruido de sables en la Comunidad de Madrid tras la renuncia de Esperanza Aguirre y la carta del Rey. El oto\u00f1o caliente, que se preve\u00eda s\u00f3lo en el \u00e1mbito sindical y de orden p\u00fablico, ha pasado a un segundo plano. Ahora lo que realmente importa es la llamada de atenci\u00f3n del monarca que ha dejado sin habla no s\u00f3lo al mundo pol\u00edtico sino tambi\u00e9n al econ\u00f3mico. \u00bfEst\u00e1n las cosas tan mal para que haya intervenido al Rey?<\/p>\n<p style=\"text-align: justify;\">Se hacen c\u00e1balas sobre las empresas que tienen su sede social en Catalu\u00f1a, empezando por la Caixa, y de d\u00f3nde caer\u00edan en el caso de que la balanza se incline del lado de los separatistas. En la informaci\u00f3n que transmiten las embajadas establecidas en Madrid a sus gobiernos comienzan a circular\u00a0 papeles clasificados sobre una hipot\u00e9tica Catalu\u00f1a o un Pa\u00eds Vasco independiente. A estas fuentes no les preocupa mucho el l\u00edo pol\u00edtico y social que puede organizarse en Espa\u00f1a, sino su repercusi\u00f3n econ\u00f3mica. Concretamente, y en esta primera fase, la permanencia en el euro y qui\u00e9n se har\u00eda cargo de las deudas. Luego vendr\u00e1 el asunto de los intercambios comerciales y el de las sedes sociales de numerosas multinacionales radicadas en Barcelona y el de constructoras y bancos-cajas que juegan a ser espa\u00f1olas o catalanas seg\u00fan convenga.<\/p>\n<p style=\"text-align: justify;\">La carta del Rey ha sido un aldabonazo tanto en el sede del PP como en la del PSOE, que les ha hecho replantear su actitud laxa y permisiva con un Artur Mas que pide dinero con una mano y te atraca con la otra. Quiz\u00e1 todo sea un \u00f3rdago para conseguir el pacto fiscal, pero se han disparado las alarmas. Los frentes se multiplican de cara al consejo de ministros de fin de mes en el que se presentar\u00e1n los presupuestos y las reformas que nos exige Europa, pero sin pasar por alto el golpe del Rey.<\/p>\n<p style=\"text-align: justify;\"><strong>Art\u00edculo publicado por Jes\u00fas F. Brice\u00f1o en el diario LA GACETA (Madrid) el 23 de septiembre de 2012<\/strong><\/p>\n","protected":false},"excerpt":{"rendered":"<p>Se amontonan los asuntos candentes en la mesa de Rajoy, todos urgentes y ninguno aplazable. A la decisi\u00f3n sobre el rescate se le ha unido el vendaval separatista de Catalu\u00f1a, el ruido de sables en la Comunidad de Madrid tras &hellip;<\/p>\n<p class=\"read-more\"><a href=\"https:\/\/jesusfb.com\/index.php\/2012\/09\/el-golpe-del-rey\/\">Leer m\u00e1s &raquo;<\/a><\/p>\n","protected":false},"author":2,"featured_media":0,"comment_status":"open","ping_status":"closed","sticky":false,"template":"","format":"standard","meta":{"footnotes":"","jetpack_publicize_message":"","jetpack_publicize_feature_enabled":true,"jetpack_social_post_already_shared":false,"jetpack_social_options":{"image_generator_settings":{"template":"highway","default_image_id":0,"font":"","enabled":false},"version":2}},"categories":[4,8],"tags":[],"class_list":["post-3104","post","type-post","status-publish","format-standard","hentry","category-economia","category-politica"],"aioseo_notices":[],"jetpack_publicize_connections":[],"jetpack_featured_media_url":"","_links":{"self":[{"href":"https:\/\/jesusfb.com\/index.php\/wp-json\/wp\/v2\/posts\/3104","targetHints":{"allow":["GET"]}}],"collection":[{"href":"https:\/\/jesusfb.com\/index.php\/wp-json\/wp\/v2\/posts"}],"about":[{"href":"https:\/\/jesusfb.com\/index.php\/wp-json\/wp\/v2\/types\/post"}],"author":[{"embeddable":true,"href":"https:\/\/jesusfb.com\/index.php\/wp-json\/wp\/v2\/users\/2"}],"replies":[{"embeddable":true,"href":"https:\/\/jesusfb.com\/index.php\/wp-json\/wp\/v2\/comments?post=3104"}],"version-history":[{"count":2,"href":"https:\/\/jesusfb.com\/index.php\/wp-json\/wp\/v2\/posts\/3104\/revisions"}],"predecessor-version":[{"id":3107,"href":"https:\/\/jesusfb.com\/index.php\/wp-json\/wp\/v2\/posts\/3104\/revisions\/3107"}],"wp:attachment":[{"href":"https:\/\/jesusfb.com\/index.php\/wp-json\/wp\/v2\/media?parent=3104"}],"wp:term":[{"taxonomy":"category","embeddable":true,"href":"https:\/\/jesusfb.com\/index.php\/wp-json\/wp\/v2\/categories?post=3104"},{"taxonomy":"post_tag","embeddable":true,"href":"https:\/\/jesusfb.com\/index.php\/wp-json\/wp\/v2\/tags?post=3104"}],"curies":[{"name":"wp","href":"https:\/\/api.w.org\/{rel}","templated":true}]}}