{"id":3063,"date":"2012-07-22T12:50:52","date_gmt":"2012-07-22T10:50:52","guid":{"rendered":"http:\/\/www.jesusfb.com\/?p=3063"},"modified":"2012-07-26T12:57:34","modified_gmt":"2012-07-26T10:57:34","slug":"el-cabreo-nacional","status":"publish","type":"post","link":"https:\/\/jesusfb.com\/index.php\/2012\/07\/el-cabreo-nacional\/","title":{"rendered":"El cabreo nacional"},"content":{"rendered":"<p style=\"text-align: justify;\"><a href=\"https:\/\/jesusfb.com\/wp-content\/uploads\/2012\/07\/Manifestaci%C3%B3n-2-Logopress.jpg\"><img loading=\"lazy\" decoding=\"async\" class=\"alignleft size-medium wp-image-3064\" title=\"Manifestaci\u00f3n 2 (Logopress)\" src=\"https:\/\/jesusfb.com\/wp-content\/uploads\/2012\/07\/Manifestaci%C3%B3n-2-Logopress-300x224.jpg\" alt=\"\" width=\"300\" height=\"224\" \/><\/a>La ventaja de utilizar todos los d\u00edas medios de transporte p\u00fablicos es que no hace falta intermediarios para conocer de primera mano la opini\u00f3n de la calle. Y la gente est\u00e1 muy cabreada, no s\u00f3lo con el Gobierno y el PP, sino tambi\u00e9n con el PSOE y, en general, con todos los pol\u00edticos y las instituciones que nos representan. El descontento no se oculta sino que se manifiesta de forma ostentosa, a viva voz, y el personal no aguanta un pelo. Que las cosas est\u00e1n mal se acepta con resignaci\u00f3n, que los recortes vayan todos en la misma direcci\u00f3n eso es harina de otro costal.<\/p>\n<p style=\"text-align: justify;\">Las manifestaciones y, sobre todo, los cortes de las calles por los funcionarios, son contestadas cada ma\u00f1ana con enfrentamientos e insultos ante la connivencia de la Polic\u00eda que mira para otro lado. Parece que lo \u00fanico que les importa es blindar el Congreso de los Diputados, pero el resto de las calles, al menos en Madrid, est\u00e1n a merced de los provocadores.\u00a0 Miles de ciudadanos atrapados y cabreados no entienden por qu\u00e9 son secuestrados cada d\u00eda por otros ciudadanos cabreados que no movieron un dedo mientras tres millones de trabajadores se iban al paro. Ahora les han tocado los moscosos, los canosos y la extra de Navidad, y tienen todo el derecho del mundo a protestar, pero no a costa de los currantes que malviven ya sin vacaciones, sin extras y sin empleo.<\/p>\n<p style=\"text-align: justify;\">La gente de la calle, que son los votantes del PP y del PSOE, no entiende en qu\u00e9 les va a afectar al Rey o al Pr\u00edncipe que se bajen el sueldo. Clama al cielo el s\u00faper contrato de Urdangar\u00edn, con un sueldo que supera diez veces el de D. Juan Carlos, cuando los negocios del yerno son un esc\u00e1ndalo, sean o no punibles por la Justicia. Los espa\u00f1oles, que va a pagar m\u00e1s hasta por morirse, no entienden en qu\u00e9 les va a afectar a final de mes la rebaja a los ministros, altos cargos y diputados. Oyes por doquier pestes contra este absurdo Estado auton\u00f3mico y hasta la gente corriente, que no es tonta, pide cerrar el Senado, la C\u00e1mara m\u00e1s in\u00fatil de la democracia.<\/p>\n<p style=\"text-align: justify;\"><strong>Art\u00edculo publicado por Jes\u00fas F. Brice\u00f1o enel diario LA GACETA (Madrid) el 22 de julio de 2012<\/strong><\/p>\n","protected":false},"excerpt":{"rendered":"<p>La ventaja de utilizar todos los d\u00edas medios de transporte p\u00fablicos es que no hace falta intermediarios para conocer de primera mano la opini\u00f3n de la calle. Y la gente est\u00e1 muy cabreada, no s\u00f3lo con el Gobierno y el &hellip;<\/p>\n<p class=\"read-more\"><a href=\"https:\/\/jesusfb.com\/index.php\/2012\/07\/el-cabreo-nacional\/\">Leer m\u00e1s &raquo;<\/a><\/p>\n","protected":false},"author":2,"featured_media":0,"comment_status":"open","ping_status":"closed","sticky":false,"template":"","format":"standard","meta":{"footnotes":"","jetpack_publicize_message":"","jetpack_publicize_feature_enabled":true,"jetpack_social_post_already_shared":false,"jetpack_social_options":{"image_generator_settings":{"template":"highway","default_image_id":0,"font":"","enabled":false},"version":2}},"categories":[4,8],"tags":[],"class_list":["post-3063","post","type-post","status-publish","format-standard","hentry","category-economia","category-politica"],"aioseo_notices":[],"jetpack_publicize_connections":[],"jetpack_featured_media_url":"","_links":{"self":[{"href":"https:\/\/jesusfb.com\/index.php\/wp-json\/wp\/v2\/posts\/3063","targetHints":{"allow":["GET"]}}],"collection":[{"href":"https:\/\/jesusfb.com\/index.php\/wp-json\/wp\/v2\/posts"}],"about":[{"href":"https:\/\/jesusfb.com\/index.php\/wp-json\/wp\/v2\/types\/post"}],"author":[{"embeddable":true,"href":"https:\/\/jesusfb.com\/index.php\/wp-json\/wp\/v2\/users\/2"}],"replies":[{"embeddable":true,"href":"https:\/\/jesusfb.com\/index.php\/wp-json\/wp\/v2\/comments?post=3063"}],"version-history":[{"count":3,"href":"https:\/\/jesusfb.com\/index.php\/wp-json\/wp\/v2\/posts\/3063\/revisions"}],"predecessor-version":[{"id":3067,"href":"https:\/\/jesusfb.com\/index.php\/wp-json\/wp\/v2\/posts\/3063\/revisions\/3067"}],"wp:attachment":[{"href":"https:\/\/jesusfb.com\/index.php\/wp-json\/wp\/v2\/media?parent=3063"}],"wp:term":[{"taxonomy":"category","embeddable":true,"href":"https:\/\/jesusfb.com\/index.php\/wp-json\/wp\/v2\/categories?post=3063"},{"taxonomy":"post_tag","embeddable":true,"href":"https:\/\/jesusfb.com\/index.php\/wp-json\/wp\/v2\/tags?post=3063"}],"curies":[{"name":"wp","href":"https:\/\/api.w.org\/{rel}","templated":true}]}}