{"id":2969,"date":"2012-03-22T00:33:31","date_gmt":"2012-03-21T22:33:31","guid":{"rendered":"http:\/\/www.jesusfb.com\/?p=2969"},"modified":"2012-03-22T00:33:31","modified_gmt":"2012-03-21T22:33:31","slug":"el-chalaneo-de-bruselas","status":"publish","type":"post","link":"https:\/\/jesusfb.com\/index.php\/2012\/03\/el-chalaneo-de-bruselas\/","title":{"rendered":"El chalaneo de Bruselas"},"content":{"rendered":"<p style=\"text-align: justify;\"><a href=\"https:\/\/jesusfb.com\/wp-content\/uploads\/2012\/03\/comision_europea-logo.jpg\"><img loading=\"lazy\" decoding=\"async\" class=\"alignleft size-medium wp-image-2970\" title=\"comision_europea-logo\" src=\"https:\/\/jesusfb.com\/wp-content\/uploads\/2012\/03\/comision_europea-logo-300x300.jpg\" alt=\"\" width=\"300\" height=\"300\" srcset=\"https:\/\/jesusfb.com\/wp-content\/uploads\/2012\/03\/comision_europea-logo-300x300.jpg 300w, https:\/\/jesusfb.com\/wp-content\/uploads\/2012\/03\/comision_europea-logo-150x150.jpg 150w, https:\/\/jesusfb.com\/wp-content\/uploads\/2012\/03\/comision_europea-logo.jpg 336w\" sizes=\"auto, (max-width: 300px) 100vw, 300px\" \/><\/a>A mi no me ha hecho ninguna gracia el \u201cestrangulamiento\u201d del ministro espa\u00f1ol de Econom\u00eda, Luis de Guindos, por parte del presidente del eurogrupo, Jean-Claude Juncker, que ha terminado en el abrazo del oso. Parece como si cinco mil millones m\u00e1s o menos no importaran en este chalaneo en el que se ha convertido nuestra relaci\u00f3n con Bruselas. Si Rajoy, al que muchos tenemos por sensato, dijo que el d\u00e9ficit\u00a0 ten\u00eda que ser del 5,8 por 100 no se entiende que le faltara tiempo a Luis de Guindos para aceptar el 5,3 impuesto por la UE, salvo que estuviera pactado de antemano con \u00c1ngela Merkel y todo haya sido un parip\u00e9.\u00a0 Cinco mil millones de euros es mucho dinero. Muchos ministerios no tienen ese presupuesto y al final va a tener repercusi\u00f3n donde siempre, en el sueldo de los funcionarios, en las prestaciones sociales o en la subida de impuestos.<\/p>\n<p style=\"text-align: justify;\">De todas formas llama la atenci\u00f3n que haya sido precisamente este eurobur\u00f3crata, Jean-Claude Juncker, el que nos haya impuesto este sacrificio, un ciudadano luxemburgu\u00e9s al que no se le conoce otro oficio que vivir de la pol\u00edtica. Jam\u00e1s ha pagado una n\u00f3mina, ni siquiera la ha cobrado en una empresa privada, ni ha ejercido como abogado. Se afili\u00f3 al Partido Popular Social Cristiano en el para\u00edso luxemburgu\u00e9s y all\u00ed ha vivido de bobilis bobilis toda su carrera p\u00fablica, en la que ha llegado a ser responsable de Finanzas, primer ministro y gobernador del Fondo Monetario Internacional. El Gran Ducado de Luxemburgo es un Ed\u00e9n en el marasmo de tensiones pol\u00edticas y sociales de Europa, residencia de ricos y sede de bancos opacos, con una rid\u00edcula cifra de paro y en donde se vive la mar de bien. Manda huevos, como dir\u00eda Trillo, que sea precisamente este se\u00f1or tan atildado, que s\u00f3lo sabe lo que es pasar necesidad o una huelga general por los reportajes de la CNN, el que nos haga el presupuesto. No les vendr\u00eda mal a o todos estos capitostes de Bruselas una pasada por la econom\u00eda real para que sepan lo que cuesta pagar o cobrar una n\u00f3mina.<\/p>\n<p style=\"text-align: justify;\"><strong>Art\u00edculo de Jes\u00fas F. Brice\u00f1o publicado en el diario LA GACETA (Madrid), el 21 de marzo de 2012<\/strong><\/p>\n","protected":false},"excerpt":{"rendered":"<p>A mi no me ha hecho ninguna gracia el \u201cestrangulamiento\u201d del ministro espa\u00f1ol de Econom\u00eda, Luis de Guindos, por parte del presidente del eurogrupo, Jean-Claude Juncker, que ha terminado en el abrazo del oso. Parece como si cinco mil millones &hellip;<\/p>\n<p class=\"read-more\"><a href=\"https:\/\/jesusfb.com\/index.php\/2012\/03\/el-chalaneo-de-bruselas\/\">Leer m\u00e1s &raquo;<\/a><\/p>\n","protected":false},"author":2,"featured_media":0,"comment_status":"open","ping_status":"closed","sticky":false,"template":"","format":"standard","meta":{"footnotes":"","jetpack_publicize_message":"","jetpack_publicize_feature_enabled":true,"jetpack_social_post_already_shared":false,"jetpack_social_options":{"image_generator_settings":{"template":"highway","default_image_id":0,"font":"","enabled":false},"version":2}},"categories":[4,8],"tags":[],"class_list":["post-2969","post","type-post","status-publish","format-standard","hentry","category-economia","category-politica"],"aioseo_notices":[],"jetpack_publicize_connections":[],"jetpack_featured_media_url":"","_links":{"self":[{"href":"https:\/\/jesusfb.com\/index.php\/wp-json\/wp\/v2\/posts\/2969","targetHints":{"allow":["GET"]}}],"collection":[{"href":"https:\/\/jesusfb.com\/index.php\/wp-json\/wp\/v2\/posts"}],"about":[{"href":"https:\/\/jesusfb.com\/index.php\/wp-json\/wp\/v2\/types\/post"}],"author":[{"embeddable":true,"href":"https:\/\/jesusfb.com\/index.php\/wp-json\/wp\/v2\/users\/2"}],"replies":[{"embeddable":true,"href":"https:\/\/jesusfb.com\/index.php\/wp-json\/wp\/v2\/comments?post=2969"}],"version-history":[{"count":1,"href":"https:\/\/jesusfb.com\/index.php\/wp-json\/wp\/v2\/posts\/2969\/revisions"}],"predecessor-version":[{"id":2971,"href":"https:\/\/jesusfb.com\/index.php\/wp-json\/wp\/v2\/posts\/2969\/revisions\/2971"}],"wp:attachment":[{"href":"https:\/\/jesusfb.com\/index.php\/wp-json\/wp\/v2\/media?parent=2969"}],"wp:term":[{"taxonomy":"category","embeddable":true,"href":"https:\/\/jesusfb.com\/index.php\/wp-json\/wp\/v2\/categories?post=2969"},{"taxonomy":"post_tag","embeddable":true,"href":"https:\/\/jesusfb.com\/index.php\/wp-json\/wp\/v2\/tags?post=2969"}],"curies":[{"name":"wp","href":"https:\/\/api.w.org\/{rel}","templated":true}]}}