{"id":2966,"date":"2012-03-10T21:09:14","date_gmt":"2012-03-10T19:09:14","guid":{"rendered":"http:\/\/www.jesusfb.com\/?p=2966"},"modified":"2012-03-11T21:16:07","modified_gmt":"2012-03-11T19:16:07","slug":"podar-las-autonomias","status":"publish","type":"post","link":"https:\/\/jesusfb.com\/index.php\/2012\/03\/podar-las-autonomias\/","title":{"rendered":"Podar las autonom\u00edas"},"content":{"rendered":"<p style=\"text-align: justify;\"><a href=\"https:\/\/jesusfb.com\/wp-content\/uploads\/2012\/03\/podar.jpg\"><img loading=\"lazy\" decoding=\"async\" class=\"alignleft size-medium wp-image-2967\" title=\"podar\" src=\"https:\/\/jesusfb.com\/wp-content\/uploads\/2012\/03\/podar-300x268.jpg\" alt=\"\" width=\"300\" height=\"268\" srcset=\"https:\/\/jesusfb.com\/wp-content\/uploads\/2012\/03\/podar-300x268.jpg 300w, https:\/\/jesusfb.com\/wp-content\/uploads\/2012\/03\/podar.jpg 392w\" sizes=\"auto, (max-width: 300px) 100vw, 300px\" \/><\/a>En los primeros a\u00f1os de la transici\u00f3n se hizo popular la ocurrencia del profesor y ministro Manuel Clavero Ar\u00e9valo de calificar al naciente estado de las autonom\u00edas como la tarta de quesos o el caf\u00e9 para todos. De esa inocente broma ha surgido un dios Cronos que devora a sus hijos casi a la misma velocidad que los crea. Conviene recordar que salvo las denominadas comunidades hist\u00f3ricas como el Pa\u00eds Vasco o Catalu\u00f1a, en el resto de Espa\u00f1a el sentimiento de identidad pol\u00edtica, m\u00e1s all\u00e1 del flolklore, la cultura o la gastronom\u00eda, era pr\u00e1cticamente nula. Tanto es as\u00ed que se inventaron banderas, himnos, fronteras y se buce\u00f3 en los entresijos de la patria chica buscando ancestros diferenciadores.<\/p>\n<p>De una t\u00edmida asignaci\u00f3n de transferencias se pas\u00f3 a una org\u00eda de estatutos en los que los nuevos entes entraron como elefante en cacherr\u00eda en las competencias del Estado. Durante el mandato de Zapatero se jug\u00f3 con fuego en una carrera desbocada a ver quien ten\u00eda m\u00e1s competencias que su vecino. El propio Consejo de Pol\u00edtica Fiscal y Financiera, que tiene que coordinar las pol\u00edticas p\u00fablicas entre el Estado y las CCAA, se converti\u00f3 en una comparsa en la que \u00e9stas impon\u00edan su criterio al Estado en un chantaje permanente, a caballo entre el despilfarro y el boato.<\/p>\n<p>Ahora todos se rasgan las vestiduras como si nadie tuviera la culpa del d\u00e9ficit de nuestra administraci\u00f3n, cuando la realidad es que todos han mirado para otro lado, ya que los votos en el Parlamento para mantener las estabilidad de los gobiernos de turno exig\u00edan esas componendas.\u00a0 Urge ahora una enmienda a la totalidad al actual mapa auton\u00f3mico y redefinir con sentido com\u00fan las competencias y los servicios que pueden ofrecer las distintas adminsitraciones, ya que el mejor Estado del bienestar es aquel que podamos mantener.<\/p>\n<p><strong>Art\u00edculo publicado por Jes\u00fas F. Brice\u00f1o en el diario LA GACETA (Madrid) el 10 de marzo de 2011<\/strong><\/p>\n<p><a href=\"http:\/\/www.intereconomia.com\/noticias-gaceta\/opinion\/podar-autonomias-20120309\">http:\/\/www.intereconomia.com\/noticias-gaceta\/opinion\/podar-autonomias-20120309<\/a><\/p>\n","protected":false},"excerpt":{"rendered":"<p>En los primeros a\u00f1os de la transici\u00f3n se hizo popular la ocurrencia del profesor y ministro Manuel Clavero Ar\u00e9valo de calificar al naciente estado de las autonom\u00edas como la tarta de quesos o el caf\u00e9 para todos. De esa inocente &hellip;<\/p>\n<p class=\"read-more\"><a href=\"https:\/\/jesusfb.com\/index.php\/2012\/03\/podar-las-autonomias\/\">Leer m\u00e1s &raquo;<\/a><\/p>\n","protected":false},"author":2,"featured_media":0,"comment_status":"open","ping_status":"closed","sticky":false,"template":"","format":"standard","meta":{"footnotes":"","jetpack_publicize_message":"","jetpack_publicize_feature_enabled":true,"jetpack_social_post_already_shared":false,"jetpack_social_options":{"image_generator_settings":{"template":"highway","default_image_id":0,"font":"","enabled":false},"version":2}},"categories":[4,8],"tags":[],"class_list":["post-2966","post","type-post","status-publish","format-standard","hentry","category-economia","category-politica"],"aioseo_notices":[],"jetpack_publicize_connections":[],"jetpack_featured_media_url":"","_links":{"self":[{"href":"https:\/\/jesusfb.com\/index.php\/wp-json\/wp\/v2\/posts\/2966","targetHints":{"allow":["GET"]}}],"collection":[{"href":"https:\/\/jesusfb.com\/index.php\/wp-json\/wp\/v2\/posts"}],"about":[{"href":"https:\/\/jesusfb.com\/index.php\/wp-json\/wp\/v2\/types\/post"}],"author":[{"embeddable":true,"href":"https:\/\/jesusfb.com\/index.php\/wp-json\/wp\/v2\/users\/2"}],"replies":[{"embeddable":true,"href":"https:\/\/jesusfb.com\/index.php\/wp-json\/wp\/v2\/comments?post=2966"}],"version-history":[{"count":1,"href":"https:\/\/jesusfb.com\/index.php\/wp-json\/wp\/v2\/posts\/2966\/revisions"}],"predecessor-version":[{"id":2968,"href":"https:\/\/jesusfb.com\/index.php\/wp-json\/wp\/v2\/posts\/2966\/revisions\/2968"}],"wp:attachment":[{"href":"https:\/\/jesusfb.com\/index.php\/wp-json\/wp\/v2\/media?parent=2966"}],"wp:term":[{"taxonomy":"category","embeddable":true,"href":"https:\/\/jesusfb.com\/index.php\/wp-json\/wp\/v2\/categories?post=2966"},{"taxonomy":"post_tag","embeddable":true,"href":"https:\/\/jesusfb.com\/index.php\/wp-json\/wp\/v2\/tags?post=2966"}],"curies":[{"name":"wp","href":"https:\/\/api.w.org\/{rel}","templated":true}]}}