{"id":2931,"date":"2012-01-07T15:27:43","date_gmt":"2012-01-07T13:27:43","guid":{"rendered":"http:\/\/www.jesusfb.com\/?p=2931"},"modified":"2012-01-10T15:34:13","modified_gmt":"2012-01-10T13:34:13","slug":"sr-rajoy-baje-a-la-calle","status":"publish","type":"post","link":"https:\/\/jesusfb.com\/index.php\/2012\/01\/sr-rajoy-baje-a-la-calle\/","title":{"rendered":"Sr. Rajoy baje a la calle"},"content":{"rendered":"<p style=\"text-align: justify;\"><a href=\"https:\/\/jesusfb.com\/wp-content\/uploads\/2012\/01\/Calle.jpg\"><img loading=\"lazy\" decoding=\"async\" class=\"alignleft size-medium wp-image-2932\" title=\"Calle\" src=\"https:\/\/jesusfb.com\/wp-content\/uploads\/2012\/01\/Calle-300x261.jpg\" alt=\"\" width=\"300\" height=\"261\" srcset=\"https:\/\/jesusfb.com\/wp-content\/uploads\/2012\/01\/Calle-300x261.jpg 300w, https:\/\/jesusfb.com\/wp-content\/uploads\/2012\/01\/Calle.jpg 386w\" sizes=\"auto, (max-width: 300px) 100vw, 300px\" \/><\/a>Sr. Rajoy, es posible que no haya m\u00e1s remedio que aplicar medidas de ajuste como las que han aprobado, incluso m\u00e1s graves, pero no lo haga desde el Olimpo de la Moncloa. Baje a la calle y hable con los ciudadanos. No se escude en comunicados sin preguntas y z\u00e1fese en ruedas de prensa con periodistas inc\u00f3modos. Vd. ha ganado las elecciones por mayor\u00eda absoluta pero eso no le da patente de corso para decir digo d\u00f3nde antes dijo Diego. A muchos no hace falta que nos convenza, porque las cuentas del Estado s\u00f3lo se arreglan gastando menos o recaudando m\u00e1s, o las dos cosas al tiempo, pero la calle exige una explicaci\u00f3n de su Presidente.<\/p>\n<p style=\"text-align: justify;\">Explique c\u00f3mo es posible que el gasto p\u00fablico haya aumentando en veinte mil millones en quince d\u00edas y los ministros del PP abracen y sonr\u00edan a los cesantes del PSOE como si aqu\u00ed no hubiera pasado nada. Veinte mil millones de desviaci\u00f3n en el presupuesto, que equivalen a esos dos nuevos puntos de d\u00e9ficit, son una cantidad astron\u00f3mica que no puede achacar a unos pol\u00edticos manirrotos o a una negligencia contable. Es un saqueo de las arcas p\u00fablicas que no puede quedar impune. Si las cuentas que esgrimen Montoro y De Guindos son verdad\u00a0 han fallado todos los controles del Estado y sobran los consejeros de Econom\u00eda de todas las CCAA. Para qu\u00e9 tantos\u00a0 Tribunales de Cuentas y tantos Defensores del Pueblo si alguien es capaz de gastarse veinte mil millones impunemente.<\/p>\n<p style=\"text-align: justify;\">Vd. tiene que explicar por qu\u00e9 nuestro sistema pol\u00edtico tan garantista permite que estos gestores se vayan de rositas. Ahora tiene que escarbar en los bolsillos de los contribuyentes subiendo los impuestos que dijo que no iba a subir. Ha empezado por el IRPF, el IBI y el ahorro con una carga tan necesaria como brutal. Apuesto a que acabar\u00e1 subiendo el IVA con la excusa de que es m\u00e1s bajo que el de nuestros socios europeos. Bajar el d\u00e9ficit del 8 al 4 por 100 es una tarea tit\u00e1nica. Pero sea valiente y salga a la calle a contarlo aunque se deje algunos pelos de la barba en la gatera.<\/p>\n<p style=\"text-align: justify;\"><strong>Art\u00edculo publicado por Jes\u00fas F. Brice\u00f1o en el diario LA GACETA (Madrid), el 6 de enero de 2012<\/strong><\/p>\n<p style=\"text-align: justify;\"><a href=\"http:\/\/www.intereconomia.com\/noticias-gaceta\/opinion\/sr-rajoy-baje-calle-20120106\" target=\"_blank\">http:\/\/www.intereconomia.com\/noticias-gaceta\/opinion\/sr-rajoy-baje-calle-20120106<\/a><\/p>\n","protected":false},"excerpt":{"rendered":"<p>Sr. Rajoy, es posible que no haya m\u00e1s remedio que aplicar medidas de ajuste como las que han aprobado, incluso m\u00e1s graves, pero no lo haga desde el Olimpo de la Moncloa. Baje a la calle y hable con los &hellip;<\/p>\n<p class=\"read-more\"><a href=\"https:\/\/jesusfb.com\/index.php\/2012\/01\/sr-rajoy-baje-a-la-calle\/\">Leer m\u00e1s &raquo;<\/a><\/p>\n","protected":false},"author":2,"featured_media":0,"comment_status":"open","ping_status":"closed","sticky":false,"template":"","format":"standard","meta":{"footnotes":"","jetpack_publicize_message":"","jetpack_publicize_feature_enabled":true,"jetpack_social_post_already_shared":false,"jetpack_social_options":{"image_generator_settings":{"template":"highway","default_image_id":0,"font":"","enabled":false},"version":2}},"categories":[4,8],"tags":[],"class_list":["post-2931","post","type-post","status-publish","format-standard","hentry","category-economia","category-politica"],"aioseo_notices":[],"jetpack_publicize_connections":[],"jetpack_featured_media_url":"","_links":{"self":[{"href":"https:\/\/jesusfb.com\/index.php\/wp-json\/wp\/v2\/posts\/2931","targetHints":{"allow":["GET"]}}],"collection":[{"href":"https:\/\/jesusfb.com\/index.php\/wp-json\/wp\/v2\/posts"}],"about":[{"href":"https:\/\/jesusfb.com\/index.php\/wp-json\/wp\/v2\/types\/post"}],"author":[{"embeddable":true,"href":"https:\/\/jesusfb.com\/index.php\/wp-json\/wp\/v2\/users\/2"}],"replies":[{"embeddable":true,"href":"https:\/\/jesusfb.com\/index.php\/wp-json\/wp\/v2\/comments?post=2931"}],"version-history":[{"count":4,"href":"https:\/\/jesusfb.com\/index.php\/wp-json\/wp\/v2\/posts\/2931\/revisions"}],"predecessor-version":[{"id":2935,"href":"https:\/\/jesusfb.com\/index.php\/wp-json\/wp\/v2\/posts\/2931\/revisions\/2935"}],"wp:attachment":[{"href":"https:\/\/jesusfb.com\/index.php\/wp-json\/wp\/v2\/media?parent=2931"}],"wp:term":[{"taxonomy":"category","embeddable":true,"href":"https:\/\/jesusfb.com\/index.php\/wp-json\/wp\/v2\/categories?post=2931"},{"taxonomy":"post_tag","embeddable":true,"href":"https:\/\/jesusfb.com\/index.php\/wp-json\/wp\/v2\/tags?post=2931"}],"curies":[{"name":"wp","href":"https:\/\/api.w.org\/{rel}","templated":true}]}}