{"id":2181,"date":"2010-09-30T15:59:50","date_gmt":"2010-09-30T14:59:50","guid":{"rendered":"http:\/\/www.logopress.es\/?p=2181"},"modified":"2010-09-30T15:59:50","modified_gmt":"2010-09-30T14:59:50","slug":"intereconomia-tv-bate-a-sus-rivales-en-la-jornada-de-la-huelga-general","status":"publish","type":"post","link":"https:\/\/jesusfb.com\/index.php\/2010\/09\/intereconomia-tv-bate-a-sus-rivales-en-la-jornada-de-la-huelga-general\/","title":{"rendered":"Intereconom\u00eda TV bate a sus rivales en la jornada de la huelga general"},"content":{"rendered":"<p style=\"text-align: justify;\"><a href=\"http:\/\/www.logopress.es\/wp-content\/uploads\/2010\/09\/logointereconomia.gif\"><img loading=\"lazy\" decoding=\"async\" class=\"alignleft size-full wp-image-2182\" title=\"logointereconomia\" src=\"http:\/\/www.logopress.es\/wp-content\/uploads\/2010\/09\/logointereconomia.gif\" alt=\"\" width=\"92\" height=\"88\" \/><\/a>El especial de casi veinte horas en que se convirti\u00f3 ayer la programaci\u00f3n de Intereconom\u00eda TV convirti\u00f3 a esta cadena en la referencia informativa para seguir su desarrollo, y las audiencias lo corroboraron con un 2,08 por ciento de &#8216;share&#8217; en el total d\u00eda, y m\u00e1s de 6,2 millones de espectadores. Una cuota de pantalla muy superior a la de sus competidores directos.<\/p>\n<p>El trabajo desarrollado por los Servicios Informativos del Grupo Intereconom\u00eda y de Intereconom\u00eda TV, dirigidos por Javier Algarra, fue el referente de seguimiento de la huelga convocada por UGT y CCOO, con un gran despliegue de reporteros y equipos t\u00e9cnicos, que se introdujeron entre numerosos piquetes mal llamados \u00abinformativos\u00bb, y descubrieron\u00a0 sus estrategias y sus consignas, en ocasiones con riesgo de su integridad f\u00edsica, como sucedi\u00f3 por ejemplo, con el jefe de realizaci\u00f3n de TV, Carlos P\u00e9cker, y el delegado de Intereconom\u00eda en Catalu\u00f1a, Francisco Pou.<\/p>\n<p>La im\u00e1genes exclusivas y los documentos sonoros sobre los piquetes tambi\u00e9n denominados \u00abconvencitivos\u00bb y en actitud violenta, ilustraron los informativos y los diversos programas de Intereconom\u00eda TV, cuya audiencia se situ\u00f3 en altas cotas desde las 6,00 de la ma\u00f1ana, cuando dio comienzo un Especial Informativo dirigido por Javier Algarra, bajo el t\u00edtulo &#8216;C\u00f3mo ha amanecido Espa\u00f1a ante la amenaza sindical\u00bb, que fue conectando con los diversos reporteros, y obtuvo una cuota del 2,91%.<\/p>\n<p>A las 8,00 de la ma\u00f1ana recogi\u00f3 el testigo Xavier Horcajo, director de &#8216;Otro gallo Cantar\u00eda&#8217; (1,98%), y luego &#8216;Dando Ca\u00f1a&#8217;, que dirigido por el propio Algarra, lleg\u00f3 al 2,00 de share, con 950.000 espectadores acumulados en el programa. El especial sobre el desarrollo de la huelga en Barcelona, justo antes de &#8216;El Telediario de Intereconom\u00eda&#8217;, revel\u00f3 a toda Espa\u00f1a lo que estaba sucediendo realmente en la Ciudad Condal, con 700.000 espectadores y un share del 1,77%. &#8216;El Telediario de Intereconom\u00eda&#8217; volvi\u00f3 a bordear los 900.000 espectadores, y tras el humor de Los Clones (2,19%), el remate lo di\u00f3 el l\u00edder indiscutible del debate pol\u00edtico en el prime time, &#8216;El Gato al Agua&#8217;, con un 3,68 por ciento de share, y una audiencia global de tres millones, con 656.000 personas que no se levantaron del sill\u00f3n ni un minuto del programa, mientras su competidores en CNN+, Veo7 \u00f3 24 Horas alcanzaban registros muy inferiores. Punto Pelota obtuvo asimismo un magn\u00edfico share del 3,26 por ciento.<\/p>\n<p>Los piquetes, que hab\u00edan secuestrado la posibilidad de distribuir LA GACETA, el diario de Intereconom\u00eda, contribuyeron a un espectacular n\u00famero de visitas a la web intereconomia.com, donde se &#8216;colg\u00f3&#8217; el peri\u00f3dico \u00edntegro. A lo largo del d\u00eda, se produjeron m\u00e1s de 45.000 descargas de LA GACETA desde <a href=\"intereconomia.com\">intereconomia.com<br \/>\n<\/a><\/p>\n","protected":false},"excerpt":{"rendered":"<p>El especial de casi veinte horas en que se convirti\u00f3 ayer la programaci\u00f3n de Intereconom\u00eda TV convirti\u00f3 a esta cadena en la referencia informativa para seguir su desarrollo, y las audiencias lo corroboraron con un 2,08 por ciento de &#8216;share&#8217; &hellip;<\/p>\n<p class=\"read-more\"><a href=\"https:\/\/jesusfb.com\/index.php\/2010\/09\/intereconomia-tv-bate-a-sus-rivales-en-la-jornada-de-la-huelga-general\/\">Leer m\u00e1s &raquo;<\/a><\/p>\n","protected":false},"author":2,"featured_media":0,"comment_status":"open","ping_status":"closed","sticky":false,"template":"","format":"standard","meta":{"footnotes":"","jetpack_publicize_message":"","jetpack_publicize_feature_enabled":true,"jetpack_social_post_already_shared":false,"jetpack_social_options":{"image_generator_settings":{"template":"highway","default_image_id":0,"font":"","enabled":false},"version":2}},"categories":[7],"tags":[96,306,392,1161,1191,1699,2256,3716,3751,3783,3975,4025],"class_list":["post-2181","post","type-post","status-publish","format-standard","hentry","category-noticias","tag-actitud","tag-audiencias","tag-barcelona","tag-dio","tag-documentos-sonoros","tag-francisco-pou","tag-la-jornada","tag-sus-rivales","tag-telediario","tag-testigo","tag-violenta","tag-xavier"],"aioseo_notices":[],"jetpack_publicize_connections":[],"jetpack_featured_media_url":"","_links":{"self":[{"href":"https:\/\/jesusfb.com\/index.php\/wp-json\/wp\/v2\/posts\/2181","targetHints":{"allow":["GET"]}}],"collection":[{"href":"https:\/\/jesusfb.com\/index.php\/wp-json\/wp\/v2\/posts"}],"about":[{"href":"https:\/\/jesusfb.com\/index.php\/wp-json\/wp\/v2\/types\/post"}],"author":[{"embeddable":true,"href":"https:\/\/jesusfb.com\/index.php\/wp-json\/wp\/v2\/users\/2"}],"replies":[{"embeddable":true,"href":"https:\/\/jesusfb.com\/index.php\/wp-json\/wp\/v2\/comments?post=2181"}],"version-history":[{"count":0,"href":"https:\/\/jesusfb.com\/index.php\/wp-json\/wp\/v2\/posts\/2181\/revisions"}],"wp:attachment":[{"href":"https:\/\/jesusfb.com\/index.php\/wp-json\/wp\/v2\/media?parent=2181"}],"wp:term":[{"taxonomy":"category","embeddable":true,"href":"https:\/\/jesusfb.com\/index.php\/wp-json\/wp\/v2\/categories?post=2181"},{"taxonomy":"post_tag","embeddable":true,"href":"https:\/\/jesusfb.com\/index.php\/wp-json\/wp\/v2\/tags?post=2181"}],"curies":[{"name":"wp","href":"https:\/\/api.w.org\/{rel}","templated":true}]}}