{"id":218,"date":"2008-12-11T20:59:13","date_gmt":"2008-12-11T19:59:13","guid":{"rendered":"http:\/\/eco.logopress.es\/?p=218"},"modified":"2008-12-11T20:59:13","modified_gmt":"2008-12-11T19:59:13","slug":"los-politicos-hablan-de-la-crisis-pero-nunca-la-sufren","status":"publish","type":"post","link":"https:\/\/jesusfb.com\/index.php\/2008\/12\/los-politicos-hablan-de-la-crisis-pero-nunca-la-sufren\/","title":{"rendered":"Los pol\u00edticos hablan de la crisis, pero nunca la sufren"},"content":{"rendered":"<p><a href=\"http:\/\/eco.logopress.es\/wp-content\/uploads\/2008\/12\/1090092_2009.jpg\"><img loading=\"lazy\" decoding=\"async\" class=\"alignleft size-medium wp-image-219\" title=\"1090092_2009\" src=\"http:\/\/eco.logopress.es\/wp-content\/uploads\/2008\/12\/1090092_2009.jpg\" alt=\"\" width=\"300\" height=\"300\" \/><\/a>Cuando el PP gan\u00f3 las elecciones en 1996 la poblaci\u00f3n activa en Espa\u00f1a era aproximadamente de 12,5 millones de personas. En 1975, a\u00f1o de la muerte de Franco, la poblaci\u00f3n activa era, tambi\u00e9n en grandes crifras, de 12 millones de personas. Es decir en casi 25 a\u00f1os de democracia con gobiernos de UCD y del PSOE no se hab\u00eda creado pr\u00e1cticamente ni un s\u00f3lo puesto de trabajo. Cuando el PSOE gan\u00f3 las elecciones en 2004, la poblaci\u00f3n activa era de 20 millones. De esos ya hemos perdido dos y corremos serio perligro de que al final del a\u00f1o 2009 hayamos perdido otros dos. Esa es la terca realidad de unas cifras por mucho que el Gobierno, que no quiso reconocer la crisis, est\u00e9 ahora poniendo pa\u00f1os calientes a trav\u00e9s de incrementar el gasto habilitando presupuestos extraordinarios. Como el de 11.000 millones de euros que pretende crear 300.000 empleos en 2009 y que seg\u00fan Solbes tiene como objeto \u00abpaliar los efectos de la crisis en los ciudadanos m\u00e1s vulnerables\u00bb, en un contexto de \u00abr\u00e1pido debilitamiento\u00bb de las circunstancias econ\u00f3micas y financieras que exige actuar de manera \u00aburgente\u00bb. El decreto crea dos fondos, uno de 8.000 millones par ayuntamientos y otros de 3.000 millones repartido entre sectores estrat\u00e9gicos como automoci\u00f3n (800 millones), I+D+I (490 millones) o Dependencia (430 millones). El dinero se gastar\u00e1 y el paro seguir\u00e1 creciendo. El Gobierno lo sabe, pero es m\u00e1s f\u00e1cil gastar que ahorrar. Otra que tira con p\u00f3lvora del rey es la ministra de Fomento, Magdalena \u00c1lvarez, que calcul\u00f3 que la inversi\u00f3n de 19.000 millones de euros en obra p\u00fablica prevista en el proyecto de PGE para 2009 supondr\u00e1 la creaci\u00f3n de m\u00e1s de 530.000 puestos de trabajo. Si sum\u00e1ramos estas cifras tendr\u00eda que haber a final de a\u00f1o 830.000 parados menos.<\/p>\n<p>Rodr\u00edguez Zapatero que no acepta las previsiones del Fondo Monetario Internacional, ni las del BBVA, ni de las de Funcas, ni tantas otras, erre erre,\u00a0 ha dicho ante la asamblea de la CEOE que \u00abno es infrecuente que incluso los \u00f3rganos internacionales m\u00e1s reputados se equivoquen y vuelvan a proponer recetas que no han funcionado en el pasado\u00bb. El presidente de la CEOE, Gerardo D\u00edaz Ferr\u00e1n, afirm\u00f3 que las medidas del Gobierno para dar financiaci\u00f3n a las empresas \u00abson positivas\u00bb, si bien se\u00f1al\u00f3 que \u00e9stas \u00abtodav\u00eda no se han trasladado a las empresas y estamos presenciando como todos los d\u00edas algunas est\u00e1n cerrando\u00bb. Las grandes aguantan todav\u00eda con buenos m\u00e1rgenes como lo demuestran las cifras de beneficios de las que est\u00e1n en el IBEX, que han incrementado sus ganancias de enero a septiembre un 10%, hasta 41.441 millones de euros. Doce de las cotizadas del Ibex -Abertis, Acerinox, Bankinter, BBVA, BME, Criteria, FCC, Ferrovial, Iberia, Sacyr, Telecinco y Telef\u00f3nica- han obtenido hasta septiembre peores resultados que en el mismo periodo de 2007, frente a las seis del primer trimestre y las once del segundo. Por su parte, Cintra es la \u00fanica que ha registrado p\u00e9rdidas entre julio y septiembre. Tambi\u00e9n los bancos est\u00e1n en n\u00famros negros, ya que ganaron 14.203,43 millones de euros en los nueve primeros meses del a\u00f1o, lo que supone un incremento del 0,44% respecto al beneficio obtenido en el mismo periodo del ejercicio anterior, cuando el resultado fue de 14.140,94 millones, por mayores dotaciones a provisiones, seg\u00fan datos publicados hoy por la Asociaci\u00f3n Espa\u00f1ola de Banca (AEB). Sin emabrgo no hay m\u00e1s que darse una vuelta por cualquier pol\u00edgono industrial o calle comercial para comprobar como la guada\u00f1a de la crisis va segando talleres, tiendas, oficinas y peque\u00f1os negocios. Los bur\u00f3cratas no saben nada de la crisis porque nunca la sufren. Ayer un empresario, que no banquero, se lo record\u00f3 con cajas destempladas al Presidente del Gobieerno en la reuni\u00f3n de la CEOE. Y no ser\u00e1 el \u00faltimo.<\/p>\n","protected":false},"excerpt":{"rendered":"<p>Cuando el PP gan\u00f3 las elecciones en 1996 la poblaci\u00f3n activa en Espa\u00f1a era aproximadamente de 12,5 millones de personas. En 1975, a\u00f1o de la muerte de Franco, la poblaci\u00f3n activa era, tambi\u00e9n en grandes crifras, de 12 millones de &hellip;<\/p>\n<p class=\"read-more\"><a href=\"https:\/\/jesusfb.com\/index.php\/2008\/12\/los-politicos-hablan-de-la-crisis-pero-nunca-la-sufren\/\">Leer m\u00e1s &raquo;<\/a><\/p>\n","protected":false},"author":2,"featured_media":0,"comment_status":"open","ping_status":"closed","sticky":false,"template":"","format":"standard","meta":{"footnotes":"","jetpack_publicize_message":"","jetpack_publicize_feature_enabled":true,"jetpack_social_post_already_shared":false,"jetpack_social_options":{"image_generator_settings":{"template":"highway","default_image_id":0,"font":"","enabled":false},"version":2}},"categories":[4,5,8],"tags":[116,371,668,943,1663,2983,3140,3259,3659],"class_list":["post-218","post","type-post","status-publish","format-standard","hentry","category-economia","category-empleo","category-politica","tag-aeb","tag-bancos","tag-ceoe","tag-crisis","tag-fmi","tag-paro","tag-pp-zapatero","tag-psoe","tag-solbes"],"aioseo_notices":[],"jetpack_publicize_connections":[],"jetpack_featured_media_url":"","_links":{"self":[{"href":"https:\/\/jesusfb.com\/index.php\/wp-json\/wp\/v2\/posts\/218","targetHints":{"allow":["GET"]}}],"collection":[{"href":"https:\/\/jesusfb.com\/index.php\/wp-json\/wp\/v2\/posts"}],"about":[{"href":"https:\/\/jesusfb.com\/index.php\/wp-json\/wp\/v2\/types\/post"}],"author":[{"embeddable":true,"href":"https:\/\/jesusfb.com\/index.php\/wp-json\/wp\/v2\/users\/2"}],"replies":[{"embeddable":true,"href":"https:\/\/jesusfb.com\/index.php\/wp-json\/wp\/v2\/comments?post=218"}],"version-history":[{"count":0,"href":"https:\/\/jesusfb.com\/index.php\/wp-json\/wp\/v2\/posts\/218\/revisions"}],"wp:attachment":[{"href":"https:\/\/jesusfb.com\/index.php\/wp-json\/wp\/v2\/media?parent=218"}],"wp:term":[{"taxonomy":"category","embeddable":true,"href":"https:\/\/jesusfb.com\/index.php\/wp-json\/wp\/v2\/categories?post=218"},{"taxonomy":"post_tag","embeddable":true,"href":"https:\/\/jesusfb.com\/index.php\/wp-json\/wp\/v2\/tags?post=218"}],"curies":[{"name":"wp","href":"https:\/\/api.w.org\/{rel}","templated":true}]}}