{"id":2121,"date":"2010-07-23T16:52:31","date_gmt":"2010-07-23T15:52:31","guid":{"rendered":"http:\/\/www.logopress.es\/2121\/hipocresia-en-rodiezmo\/"},"modified":"2010-07-23T16:52:31","modified_gmt":"2010-07-23T15:52:31","slug":"hipocresia-en-rodiezmo","status":"publish","type":"post","link":"https:\/\/jesusfb.com\/index.php\/2010\/07\/hipocresia-en-rodiezmo\/","title":{"rendered":"Hipocres\u00eda en Rodiezmo"},"content":{"rendered":"<p style=\"text-align: justify;\">Mucha hipocres\u00eda hay por ambas partes ante la ausencia de Zapatero en el mitin de Rodiezmo. El Presidente, por haber buscado el aplauso f\u00e1cil, pu\u00f1os al viento, a costa del erario. Los l\u00edderes sindicales por aprovecharse, pa\u00f1uelo rojo al cuello, del mayor expediente de regulaci\u00f3n de empleo (ERE)\u00a0 de nuestra econom\u00eda. El Plan Nacional de Reserva Estrat\u00e9gica de Carb\u00f3n 2006-2012 y el Nuevo Modelo de Desarrollo Integral y Sostenible de las Comarcas Mineras (a\u00fan vigente), ha regado de millones estas zonas con epicentro en Asturias y Le\u00f3n. Entre 1990 y 2005 se han perdido en la miner\u00eda 37.000 empleos, pero, para mantener los ocho mil restantes, el Estado concede una media de 350 millones de euros anuales desde 2006, aparte, naturalmente, de sus sueldos que corren a cargo de las empresas.<\/p>\n<p style=\"text-align: justify;\">Las bajas se producen a partir de los 52 a\u00f1os con el 80 por 100 de sueldo bruto de los \u00faltimos seis meses y permanece abierta una v\u00eda de bajas por indemnizaci\u00f3n de 60.000 euros por cada trabajador que lo solicite en aquellas empresas que cierren. Basta con acreditar ocho o m\u00e1s a\u00f1os en el r\u00e9gimen especial de la miner\u00eda del carb\u00f3n de la Seguridad Social y tres a\u00f1os de antig\u00fcedad en la empresa para acogerse a estos beneficios.\u00a0 Adem\u00e1s, se han negociado 1.700 altas entre trabajadores que han perdido su empleo o hijos de mineros en paro.<br \/>\nAs\u00ed que no es precisamente la miner\u00eda uno de los sectores castigados por el Gobierno Zapatero. Adem\u00e1s, y a pesar de ser deficitaria, se garantiza un cupo de producci\u00f3n nacional de unos diez millones de toneladas que blinda la continuidad en el tajo de 5.302 trabajadores en los pr\u00f3ximos a\u00f1os con una subvenci\u00f3n anual para el desarrollo de las comarcas mineras de 324.249.100 euros. El firmante de estos acuerdos por parte del Gobierno con UGT, CC.OO. y Carbuni\u00f3n fue el ministro de Industria, Jos\u00e9 Montilla (2006), as\u00ed que a Zapatero no le pilla por sorpresa, aunque en su soledad parlamentaria piense que algunos muerden la mano que les da de comer.<\/p>\n<p style=\"text-align: justify;\"><strong>Art\u00edculo publicado por Jes\u00fas F. Brice\u00f1o en el diario La Gaceta (Madrid), el 22 de julio de 2010.<br \/>\n<\/strong><\/p>\n","protected":false},"excerpt":{"rendered":"<p>Mucha hipocres\u00eda hay por ambas partes ante la ausencia de Zapatero en el mitin de Rodiezmo. El Presidente, por haber buscado el aplauso f\u00e1cil, pu\u00f1os al viento, a costa del erario. Los l\u00edderes sindicales por aprovecharse, pa\u00f1uelo rojo al cuello, &hellip;<\/p>\n<p class=\"read-more\"><a href=\"https:\/\/jesusfb.com\/index.php\/2010\/07\/hipocresia-en-rodiezmo\/\">Leer m\u00e1s &raquo;<\/a><\/p>\n","protected":false},"author":2,"featured_media":0,"comment_status":"open","ping_status":"closed","sticky":false,"template":"","format":"standard","meta":{"footnotes":"","jetpack_publicize_message":"","jetpack_publicize_feature_enabled":true,"jetpack_social_post_already_shared":false,"jetpack_social_options":{"image_generator_settings":{"template":"highway","default_image_id":0,"font":"","enabled":false},"version":2}},"categories":[4,8],"tags":[146,234,640,647,914,974,1109,1370,2261,2341,2690,2703,2720,2737,2860,2879,3076,3567,3704,3819],"class_list":["post-2121","post","type-post","status-publish","format-standard","hentry","category-economia","category-politica","tag-al-viento","tag-aplauso","tag-castigados","tag-cc-oo","tag-corren","tag-cuello","tag-desarrollo-integral","tag-el-presidente","tag-la-mano","tag-las-comarcas","tag-mineras","tag-ministro-de-industria","tag-modelo-de-desarrollo","tag-montilla","tag-nuevo-modelo","tag-ocho-mil","tag-plan-nacional","tag-seguridad-social","tag-sueldos","tag-trabajadores"],"aioseo_notices":[],"jetpack_publicize_connections":[],"jetpack_featured_media_url":"","_links":{"self":[{"href":"https:\/\/jesusfb.com\/index.php\/wp-json\/wp\/v2\/posts\/2121","targetHints":{"allow":["GET"]}}],"collection":[{"href":"https:\/\/jesusfb.com\/index.php\/wp-json\/wp\/v2\/posts"}],"about":[{"href":"https:\/\/jesusfb.com\/index.php\/wp-json\/wp\/v2\/types\/post"}],"author":[{"embeddable":true,"href":"https:\/\/jesusfb.com\/index.php\/wp-json\/wp\/v2\/users\/2"}],"replies":[{"embeddable":true,"href":"https:\/\/jesusfb.com\/index.php\/wp-json\/wp\/v2\/comments?post=2121"}],"version-history":[{"count":0,"href":"https:\/\/jesusfb.com\/index.php\/wp-json\/wp\/v2\/posts\/2121\/revisions"}],"wp:attachment":[{"href":"https:\/\/jesusfb.com\/index.php\/wp-json\/wp\/v2\/media?parent=2121"}],"wp:term":[{"taxonomy":"category","embeddable":true,"href":"https:\/\/jesusfb.com\/index.php\/wp-json\/wp\/v2\/categories?post=2121"},{"taxonomy":"post_tag","embeddable":true,"href":"https:\/\/jesusfb.com\/index.php\/wp-json\/wp\/v2\/tags?post=2121"}],"curies":[{"name":"wp","href":"https:\/\/api.w.org\/{rel}","templated":true}]}}