{"id":2012,"date":"2010-06-10T10:36:03","date_gmt":"2010-06-10T09:36:03","guid":{"rendered":"http:\/\/www.logopress.es\/?p=2012"},"modified":"2010-06-10T10:36:03","modified_gmt":"2010-06-10T09:36:03","slug":"endesa-invertira-mas-de-600-millones-de-euros-en-galicia-hasta-2014","status":"publish","type":"post","link":"https:\/\/jesusfb.com\/index.php\/2010\/06\/endesa-invertira-mas-de-600-millones-de-euros-en-galicia-hasta-2014\/","title":{"rendered":"Endesa invertir\u00e1 m\u00e1s de 600 millones de euros en Galicia hasta 2014"},"content":{"rendered":"<p style=\"text-align: justify;\">Endesa ha comenzado a ejecutar su programa de inversiones 2010-2014, incluido en el Plan Estrat\u00e9gico de la compa\u00f1\u00eda, que en Galicia supondr\u00e1 distintas mejoras de sus instalaciones. En la comunidad aut\u00f3noma est\u00e1n comprometidos para el citado per\u00edodo m\u00e1s de 600 millones de euros en recursos, seg\u00fan puso de manifiesto Andrea Brentan, consejero delegado.<\/p>\n<p style=\"text-align: justify;\">Andrea Brentan realiza hoy una visita a Galicia en la que ha viajado a As Pontes, donde la compa\u00f1\u00eda tiene el mayor complejo generador de Espa\u00f1a, con 2.365 megavatios instalados, del total de 2.876 MW con que cuenta en la regi\u00f3n. Esta capacidad corresponde a casi todas las fuentes energ\u00e9ticas posibles: 1.468 megavatios a la central t\u00e9rmica de carb\u00f3n, 834 megavatios de ciclo combinado de gas natural, 62,8 megavatios hidr\u00e1ulicos y 10 kilovatios de solar fotovoltaica.<\/p>\n<p style=\"text-align: justify;\">Del compromiso inversor dado a conocer por el consejero delegado, un total de 186 millones de euros ir\u00e1n a parar a instalaciones de generaci\u00f3n de electricidad. Para la ejecuci\u00f3n de estos trabajos, y de otros en comercializaci\u00f3n, etc.; Endesa cuenta con empresas de la zona, ya que la compa\u00f1\u00eda \u2013implantada en Galicia desde hace cuarenta a\u00f1os- ha logrado articular en la comunidad un plantel de contratistas de gran experiencia y competitividad.<\/p>\n<p style=\"text-align: justify;\">Galicia: Generaci\u00f3n y comercializaci\u00f3n<\/p>\n<p style=\"text-align: justify;\">Endesa gestiona en Galicia 2.876 megavatios de potencia instalada, que suponen el 26,1% del total de la Comunidad. Esto ha supuesto una producci\u00f3n en 2009 de 8.516 GWh, lo que representa el 12% de la producci\u00f3n total de Endesa en Espa\u00f1a. Aunque la compa\u00f1\u00eda tiene en Galicia un perfil hist\u00f3rico vinculado s\u00f3lo a la generaci\u00f3n de electricidad, recientemente ha irrumpido con \u00e9xito en el campo de la comercializaci\u00f3n. Tanto es as\u00ed que ya cuenta con 20.133 clientes de luz y 35.803 de gas, entre los que se encuentran destacadas empresas de los sectores de la automoci\u00f3n, el aluminio, la alimentaci\u00f3n y el comercio. Endesa realiza en Galicia el 6% de sus ventas totales de electricidad y el 2% de gas, a trav\u00e9s de dos oficinas comerciales y ocho puntos de servicio en la Comunidad Aut\u00f3noma.<\/p>\n<p style=\"text-align: justify;\">Endesa tiene adem\u00e1s en Ferrol la titularidad de dos terminales portuarias en concesi\u00f3n: la exterior y la interior. La terminal exterior tiene una superficie de 10 Ha, una capacidad de almacenamiento de 2 x 150.000 t de carb\u00f3n y una capacidad de recepci\u00f3n de 45-60 kt\/d\u00eda. Ha supuesto una inversi\u00f3n de 50 M\u20ac.<\/p>\n<p style=\"text-align: justify;\">Decreto del carb\u00f3n<\/p>\n<p style=\"text-align: justify;\">Respecto al Real Decreto 134\/2010 que establece mecanismo de restricciones t\u00e9cnicas para favorecer el uso de carb\u00f3n aut\u00f3ctono, el consejero delegado de Endesa manifest\u00f3 que puede tener serios efectos para Endesa y Galicia, ya que introduce\u00a0 distorsiones en el conjunto del sector y el mercado, no fija compensaci\u00f3n alguna para las tecnolog\u00edas injustamente excluidas de la producci\u00f3n (carb\u00f3n importado y gas), y reclam\u00f3 el derecho a recuperar y exigir los costes derivados de esta norma.<\/p>\n<p style=\"text-align: justify;\">Por otra parte, Endesa, que explot\u00f3 entre 1976 y 2007 a cielo abierto el yacimiento de lignito de As Pontes para abastecer a su central t\u00e9rmica, tras 31 a\u00f1os de actividad, inici\u00f3 en 2008 la recuperaci\u00f3n ambiental de la Mina, con la creaci\u00f3n\u00a0 de un lago de unos 8 kil\u00f3metros cuadrados y el acondicionamiento de los m\u00e1rgenes del mismo. Cuando culmine el llenado, en el a\u00f1o 2012, el volumen final ser\u00e1 de 547 hect\u00f3metros c\u00fabicos. A trav\u00e9s de las diferentes acciones que se est\u00e1n llevando a cabo se restituye el sistema hidrol\u00f3gico previo a la explotaci\u00f3n y se asegura la permanente renovaci\u00f3n de las aguas del lago. Las diferencias de relieve entre la escombrera y el lago con sus correspondientes biotipos permitir\u00e1 la creaci\u00f3n de un ecosistema rico en especies y comunidades. De esta forma se configurar\u00e1 un medio, ampliamente estructurado e interrelacionado, que est\u00e1 siendo ya colonizado de manera natural.<\/p>\n","protected":false},"excerpt":{"rendered":"<p>Endesa ha comenzado a ejecutar su programa de inversiones 2010-2014, incluido en el Plan Estrat\u00e9gico de la compa\u00f1\u00eda, que en Galicia supondr\u00e1 distintas mejoras de sus instalaciones. En la comunidad aut\u00f3noma est\u00e1n comprometidos para el citado per\u00edodo m\u00e1s de 600 &hellip;<\/p>\n<p class=\"read-more\"><a href=\"https:\/\/jesusfb.com\/index.php\/2010\/06\/endesa-invertira-mas-de-600-millones-de-euros-en-galicia-hasta-2014\/\">Leer m\u00e1s &raquo;<\/a><\/p>\n","protected":false},"author":2,"featured_media":0,"comment_status":"open","ping_status":"closed","sticky":false,"template":"","format":"standard","meta":{"footnotes":"","jetpack_publicize_message":"","jetpack_publicize_feature_enabled":true,"jetpack_social_post_already_shared":false,"jetpack_social_options":{"image_generator_settings":{"template":"highway","default_image_id":0,"font":"","enabled":false},"version":2}},"categories":[6],"tags":[205,796,808,843,1282,1292,4061,1466,1545,1570,1739,1848,2080,2081,2232,2347,3657,3824,4032],"class_list":["post-2012","post","type-post","status-publish","format-standard","hentry","category-empresas","tag-andrea","tag-competitividad","tag-compromiso","tag-consejero-delegado","tag-el-aluminio","tag-el-campo","tag-empresas","tag-endesa","tag-esto","tag-euros","tag-galicia","tag-gwh","tag-inversiones","tag-inversor","tag-la-electricidad","tag-las-fuentes","tag-solar-fotovoltaica","tag-trabajos","tag-ya"],"aioseo_notices":[],"jetpack_publicize_connections":[],"jetpack_featured_media_url":"","_links":{"self":[{"href":"https:\/\/jesusfb.com\/index.php\/wp-json\/wp\/v2\/posts\/2012","targetHints":{"allow":["GET"]}}],"collection":[{"href":"https:\/\/jesusfb.com\/index.php\/wp-json\/wp\/v2\/posts"}],"about":[{"href":"https:\/\/jesusfb.com\/index.php\/wp-json\/wp\/v2\/types\/post"}],"author":[{"embeddable":true,"href":"https:\/\/jesusfb.com\/index.php\/wp-json\/wp\/v2\/users\/2"}],"replies":[{"embeddable":true,"href":"https:\/\/jesusfb.com\/index.php\/wp-json\/wp\/v2\/comments?post=2012"}],"version-history":[{"count":0,"href":"https:\/\/jesusfb.com\/index.php\/wp-json\/wp\/v2\/posts\/2012\/revisions"}],"wp:attachment":[{"href":"https:\/\/jesusfb.com\/index.php\/wp-json\/wp\/v2\/media?parent=2012"}],"wp:term":[{"taxonomy":"category","embeddable":true,"href":"https:\/\/jesusfb.com\/index.php\/wp-json\/wp\/v2\/categories?post=2012"},{"taxonomy":"post_tag","embeddable":true,"href":"https:\/\/jesusfb.com\/index.php\/wp-json\/wp\/v2\/tags?post=2012"}],"curies":[{"name":"wp","href":"https:\/\/api.w.org\/{rel}","templated":true}]}}