{"id":1812,"date":"2010-03-11T17:48:50","date_gmt":"2010-03-11T16:48:50","guid":{"rendered":"http:\/\/www.logopress.es\/?p=1812"},"modified":"2010-03-11T17:48:50","modified_gmt":"2010-03-11T16:48:50","slug":"operacion-acordeon","status":"publish","type":"post","link":"https:\/\/jesusfb.com\/index.php\/2010\/03\/operacion-acordeon\/","title":{"rendered":"Operaci\u00f3n acorde\u00f3n"},"content":{"rendered":"<p style=\"text-align: justify;\">Que no se asuste la VI Flota, no es ninguna trama golpista, sino una simple operaci\u00f3n societaria que consiste en una reducci\u00f3n y ampliaci\u00f3n de capital simult\u00e1neas, con el fin de sanear una empresa. El capital social se reduce a cero enjugando las p\u00e9rdidas y, al mismo tiempo, se incrementan los recursos con la aportaci\u00f3n de nuevos socios. Trasladado a la pol\u00edtica equivaldr\u00eda a una crisis de Gobierno. La mayor\u00eda de los ministros est\u00e1n quemados o amortizados y el tejido empresarial asiste at\u00f3nito al derrumbe del castillo de naipes de la econom\u00eda espa\u00f1ola. La crisis que nunca existi\u00f3 debe alumbrar una\u00a0 recuperaci\u00f3n que no llega, fiados de que el incremento del IVA tape el agujero que deja en un exhausto presupuesto medio mill\u00f3n de parados (Zapatero dixit).<\/p>\n<p>El paro se comer\u00e1 este a\u00f1o treinta y cuatro mil millones, la mitad a d\u00e9ficit, mientras la ministra Salgado hilvana una nueva teor\u00eda econ\u00f3mica, hasta ahora in\u00e9dita en Krugman o Rubini, consistente en que se puede crear empleo sin que crezca el PIB. Lo que no explica es si lo va a hacer a\u00a0 la cubana o con el PER del gotel\u00e9, sac\u00e1ndose de la manga doscientos mil nuevos funcionarios o asimilados.<\/p>\n<p>La campa\u00f1a de estosololoarreglamsosentretodos.org ha venido a echar m\u00e1s le\u00f1a al fuego como si los ciudadanos de a pie fu\u00e9ramos los culpables de la crisis. Oigan ustedes, millones de espa\u00f1oles somos inocentes y ni hemos gastados m\u00e1s de la cuenta, ni hemos vivido por encima de nuestras posibilidades; seguimos madrugando y cogiendo el metro, si es que no hemos perdido nuestro trabajo.<\/p>\n<p>Si es un problema de sequ\u00eda intelectual Zapatero puede pedir a sus amigos los c\u00f3micos, por ejemplo a Willy Toledo, que le remita uno de los poemas m\u00e1s l\u00facidos de Bertol Brecht, aquel en el que relata la demolici\u00f3n del barco \u00abOskawa\u00bb por su tripulaci\u00f3n, premonitorio de la situaci\u00f3n por la que atraviesa Espa\u00f1a. En \u00e9l se describe, apelando incluso a la paga y las pensiones, como la indolencia y la ineptitud de un capit\u00e1n puede llevar a los hombres a la tragedia.<\/p>\n<p><strong>Art\u00edculo publicado por Jes\u00fas F. Brice\u00f1o en el diario La Gaceta (Madrid), el 11 de marzo de 2010<\/strong><\/p>\n","protected":false},"excerpt":{"rendered":"<p>Que no se asuste la VI Flota, no es ninguna trama golpista, sino una simple operaci\u00f3n societaria que consiste en una reducci\u00f3n y ampliaci\u00f3n de capital simult\u00e1neas, con el fin de sanear una empresa. El capital social se reduce a &hellip;<\/p>\n<p class=\"read-more\"><a href=\"https:\/\/jesusfb.com\/index.php\/2010\/03\/operacion-acordeon\/\">Leer m\u00e1s &raquo;<\/a><\/p>\n","protected":false},"author":2,"featured_media":0,"comment_status":"open","ping_status":"closed","sticky":false,"template":"","format":"standard","meta":{"footnotes":"","jetpack_publicize_message":"","jetpack_publicize_feature_enabled":true,"jetpack_social_post_already_shared":false,"jetpack_social_options":{"image_generator_settings":{"template":"highway","default_image_id":0,"font":"","enabled":false},"version":2}},"categories":[4,8],"tags":[436,670,1075,1660,1788,2112,2476,2661,3599,3743,3829,3873],"class_list":["post-1812","post","type-post","status-publish","format-standard","hentry","category-economia","category-politica","tag-bertol-brecht","tag-cero","tag-del-barco","tag-flota","tag-gm","tag-iva","tag-los-ministros","tag-metro","tag-shortcuts","tag-tejido-empresarial","tag-trama","tag-una-empresa"],"aioseo_notices":[],"jetpack_publicize_connections":[],"jetpack_featured_media_url":"","_links":{"self":[{"href":"https:\/\/jesusfb.com\/index.php\/wp-json\/wp\/v2\/posts\/1812","targetHints":{"allow":["GET"]}}],"collection":[{"href":"https:\/\/jesusfb.com\/index.php\/wp-json\/wp\/v2\/posts"}],"about":[{"href":"https:\/\/jesusfb.com\/index.php\/wp-json\/wp\/v2\/types\/post"}],"author":[{"embeddable":true,"href":"https:\/\/jesusfb.com\/index.php\/wp-json\/wp\/v2\/users\/2"}],"replies":[{"embeddable":true,"href":"https:\/\/jesusfb.com\/index.php\/wp-json\/wp\/v2\/comments?post=1812"}],"version-history":[{"count":0,"href":"https:\/\/jesusfb.com\/index.php\/wp-json\/wp\/v2\/posts\/1812\/revisions"}],"wp:attachment":[{"href":"https:\/\/jesusfb.com\/index.php\/wp-json\/wp\/v2\/media?parent=1812"}],"wp:term":[{"taxonomy":"category","embeddable":true,"href":"https:\/\/jesusfb.com\/index.php\/wp-json\/wp\/v2\/categories?post=1812"},{"taxonomy":"post_tag","embeddable":true,"href":"https:\/\/jesusfb.com\/index.php\/wp-json\/wp\/v2\/tags?post=1812"}],"curies":[{"name":"wp","href":"https:\/\/api.w.org\/{rel}","templated":true}]}}