{"id":1783,"date":"2010-03-11T17:39:28","date_gmt":"2010-03-11T16:39:28","guid":{"rendered":"http:\/\/www.logopress.es\/?p=1783"},"modified":"2010-03-11T17:39:28","modified_gmt":"2010-03-11T16:39:28","slug":"programa-estrategico-de-telefonica-para-liderar-el-mundo-digital","status":"publish","type":"post","link":"https:\/\/jesusfb.com\/index.php\/2010\/03\/programa-estrategico-de-telefonica-para-liderar-el-mundo-digital\/","title":{"rendered":"Programa estrat\u00e9gico de Telef\u00f3nica para liderar el mundo digital"},"content":{"rendered":"<p style=\"text-align: justify;\"><a href=\"http:\/\/www.logopress.es\/wp-content\/uploads\/2010\/03\/Bravo.jpg\"><img loading=\"lazy\" decoding=\"async\" class=\"alignleft size-medium wp-image-1784\" title=\"Bravo\" src=\"http:\/\/www.logopress.es\/wp-content\/uploads\/2010\/03\/Bravo-300x168.jpg\" alt=\"\" width=\"300\" height=\"168\" \/><\/a>El presidente de Telef\u00f3nica, C\u00e9sar Alierta, ha anunciado el lanzamiento de un nuevo programa estrat\u00e9gico que liderar\u00e1 a lo largo de los pr\u00f3ximos tres a\u00f1os y que est\u00e1 destinado a acelerar el proceso de transformaci\u00f3n necesario para asegurar, de manera eficiente y sostenible, la captura del potencial de crecimiento del sector. El programa, denominado bravo!, persigue convertir a Telef\u00f3nica en la mejor compa\u00f1\u00eda global de comunicaciones del mundo digital.<\/p>\n<p>\u201cbravo! nos va a permitir hacer seguimiento de los proyectos y de la consecuci\u00f3n de objetivos a medio y largo plazo, y ser\u00e1 clave para aprovechar al m\u00e1ximo las oportunidades \u00fanicas que nos ofrece nuestra escala\u201d, ha asegurado C\u00e9sar Alierta en la 5\u00aa Cumbre de Directivos de Telef\u00f3nica, celebrada hoy en Madrid, donde el presidente ha compartido con sus 1.200 principales directivos las expectativas de crecimiento de la Compa\u00f1\u00eda. \u201cCreo que las empresas de telecomunicaciones tenemos un papel fundamental que jugar en el futuro del sector TIC y estoy convencido de que para aquellos que seamos capaces de anticiparnos a las tendencias de la industria habr\u00e1 muchas oportunidades de crecimiento, y para asegurar que las aprovechamos al m\u00e1ximo, lanzamos hoy el programa bravo!\u201d, explic\u00f3.<\/p>\n<p>En este sentido, los operadores globales emergen como los mejor posicionados en la nueva cadena de valor por tratarse de quienes mejor pueden formular nuevas propuestas, y para ello tanto la escala como una base de clientes global es clave. Telef\u00f3nica, con presencia en 25 pa\u00edses y m\u00e1s de 265 millones de clientes, es la compa\u00f1\u00eda mejor posicionada para explotar las oportunidades de negocio que ofrecen los servicios y la conectividad digital desde plataformas avanzadas, esenciales para ofrecer servicios de calidad y para acceder a nuevas fuentes de crecimiento y modelos de negocio.<\/p>\n<p>Las personas, los hogares y los negocios son cada vez m\u00e1s digitales y esta mayor implicaci\u00f3n est\u00e1 llamada a impulsar la demanda de nuevas aplicaciones y servicios desde diferentes sectores -financiero, entretenimiento, educaci\u00f3n o salud-, y a trav\u00e9s de alianzas con terceros. La demanda de conectividad seguir\u00e1 creciendo, y se espera que en 2020 haya una penetraci\u00f3n estimada de PCs de m\u00e1s del 50% de los hogares en el mundo y entre 4.800 y 5.300 millones de usuarios m\u00f3viles. Los expertos apuntan, igualmente, a que el porcentaje del gasto del consumidor en comunicaciones se ver\u00e1 incrementado en un 20% durante el periodo comprendido entre 2010 y 2015 hasta alcanzar el 4,2% del gasto total.<\/p>\n<p>Y con el fin de capturar el crecimiento futuro del sector, el programa bravo! anunciado hoy fija las prioridades estrat\u00e9gicas para alcanzar este objetivo, as\u00ed como las iniciativas clave para conseguirlas a trav\u00e9s del alineamiento operativo de las tres regiones de Telef\u00f3nica y con car\u00e1cter transversal. Y para todo ello, el programa bravo! se apoya en cuatro pilares fundamentales: el cliente, la oferta, las plataformas y la cultura.<\/p>\n<p>\u201cEn 2012 Telef\u00f3nica espera contar con m\u00e1s de 320 millones de clientes, un 30% del mercado en las regiones donde operamos\u201d \u2013 explic\u00f3 C\u00e9sar Alierta ante los directivos de la Compa\u00f1\u00eda. En palabras del presidente y en relaci\u00f3n al primero de los pilares del programa, el cliente, el objetivo pasa por convertir a Telef\u00f3nica en la primera compa\u00f1\u00eda por \u00edndice de satisfacci\u00f3n del cliente en todos sus mercados. En relaci\u00f3n a la oferta, las expectativas a 2012 fueron marcadas en la VII Conferencia de Inversores, crecer entre el 1 y el 4% anual en los pr\u00f3ximos cuatro a\u00f1os. Todo ello desde plataformas que permitan alcanzar los objetivos de forma competitiva y eficiente y desde una cultura com\u00fan que permita a la Compa\u00f1\u00eda crear relaciones de confianza sostenibles en el largo plazo.<\/p>\n<p>Telef\u00f3nica, l\u00edder por rentabilidad del dividendo<\/p>\n<p>C\u00e9sar Alierta record\u00f3 en su discurso el perfil de liderazgo internacional de Telef\u00f3nica, segunda compa\u00f1\u00eda de telecomunicaciones del mundo por valor de empresa, al tiempo que reiter\u00f3 los objetivos financieros comprometidos por la compa\u00f1\u00eda a 2012. \u201cSomos una compa\u00f1\u00eda de crecimiento \u2013explic\u00f3- y nuestra prioridad sigue siendo maximizar el valor para nuestros accionistas. En la actualidad, Telef\u00f3nica es la compa\u00f1\u00eda n\u00famero uno en t\u00e9rminos de\u00a0 rentabilidad por dividendo esperado para 2010 (8,2%) de entre las 50 mayores compa\u00f1\u00edas del mundo por capitalizaci\u00f3n burs\u00e1til\u201d. Telef\u00f3nica se comprometi\u00f3 el pasado mes de octubre a repartir un dividendo de 1,75 euros por acci\u00f3n en 2012 en el marco de una pol\u00edtica de remuneraci\u00f3n creciente desde 1,40 euros por acci\u00f3n en 2010.<\/p>\n<p>Por otra parte, Julio Linares, consejero delegado de Telef\u00f3nica, hizo balance del ejercicio 2009 en su presentaci\u00f3n \u201cun ejercicio dif\u00edcil y exigente en el que hemos cumplido con nuestros compromisos y objetivos\u201d, para pasar a destacar el nuevo entorno de cambio acelerado por la crisis donde la innovaci\u00f3n, el mercado y los distintos jugadores del sector marcar\u00e1n el futuro pr\u00f3ximo. Un futuro, en opini\u00f3n de Linares, \u201cen el que los clientes disfrutar\u00e1n de m\u00e1s dispositivos y todos conectados, donde el dominio de los smartphones ser\u00e1 determinante y donde la demanda de comunicaciones seguir\u00e1 creciendo. Un nuevo mercado que acentuar\u00e1 la din\u00e1mica competitiva del sector\u201d.<\/p>\n<p>La Cumbre cont\u00f3 tambi\u00e9n con la participaci\u00f3n de los miembros del Comit\u00e9 Ejecutivo, que analizaron cada uno de los pilares del programa bravo! y las perspectivas a futuro de la Compa\u00f1\u00eda.<\/p>\n","protected":false},"excerpt":{"rendered":"<p>El presidente de Telef\u00f3nica, C\u00e9sar Alierta, ha anunciado el lanzamiento de un nuevo programa estrat\u00e9gico que liderar\u00e1 a lo largo de los pr\u00f3ximos tres a\u00f1os y que est\u00e1 destinado a acelerar el proceso de transformaci\u00f3n necesario para asegurar, de manera &hellip;<\/p>\n<p class=\"read-more\"><a href=\"https:\/\/jesusfb.com\/index.php\/2010\/03\/programa-estrategico-de-telefonica-para-liderar-el-mundo-digital\/\">Leer m\u00e1s &raquo;<\/a><\/p>\n","protected":false},"author":2,"featured_media":0,"comment_status":"open","ping_status":"closed","sticky":false,"template":"","format":"standard","meta":{"footnotes":"","jetpack_publicize_message":"","jetpack_publicize_feature_enabled":true,"jetpack_social_post_already_shared":false,"jetpack_social_options":{"image_generator_settings":{"template":"highway","default_image_id":0,"font":"","enabled":false},"version":2}},"categories":[6],"tags":[490,533,535,559,675,1356,1370,1425,1582,1720,1890,2228,2255,2499,2528,2723,2776,2841,2905,2911,3255,3754],"class_list":["post-1783","post","type-post","status-publish","format-standard","hentry","category-empresas","tag-bravo","tag-cada-vez-mas","tag-cadena-de-valor","tag-calidad","tag-cesar-alierta","tag-el-mundo","tag-el-presidente","tag-emergen","tag-expectativas","tag-fuentes","tag-hogares","tag-la-cumbre","tag-la-industria","tag-los-tres","tag-madrid","tag-modelos","tag-mundo-digital","tag-nos","tag-operadores","tag-oportunidades-de-negocio","tag-proyectos","tag-telefonica"],"aioseo_notices":[],"jetpack_publicize_connections":[],"jetpack_featured_media_url":"","_links":{"self":[{"href":"https:\/\/jesusfb.com\/index.php\/wp-json\/wp\/v2\/posts\/1783","targetHints":{"allow":["GET"]}}],"collection":[{"href":"https:\/\/jesusfb.com\/index.php\/wp-json\/wp\/v2\/posts"}],"about":[{"href":"https:\/\/jesusfb.com\/index.php\/wp-json\/wp\/v2\/types\/post"}],"author":[{"embeddable":true,"href":"https:\/\/jesusfb.com\/index.php\/wp-json\/wp\/v2\/users\/2"}],"replies":[{"embeddable":true,"href":"https:\/\/jesusfb.com\/index.php\/wp-json\/wp\/v2\/comments?post=1783"}],"version-history":[{"count":0,"href":"https:\/\/jesusfb.com\/index.php\/wp-json\/wp\/v2\/posts\/1783\/revisions"}],"wp:attachment":[{"href":"https:\/\/jesusfb.com\/index.php\/wp-json\/wp\/v2\/media?parent=1783"}],"wp:term":[{"taxonomy":"category","embeddable":true,"href":"https:\/\/jesusfb.com\/index.php\/wp-json\/wp\/v2\/categories?post=1783"},{"taxonomy":"post_tag","embeddable":true,"href":"https:\/\/jesusfb.com\/index.php\/wp-json\/wp\/v2\/tags?post=1783"}],"curies":[{"name":"wp","href":"https:\/\/api.w.org\/{rel}","templated":true}]}}