{"id":1657,"date":"2010-01-13T12:50:28","date_gmt":"2010-01-13T11:50:28","guid":{"rendered":"http:\/\/www.logopress.es\/?p=1657"},"modified":"2010-01-13T12:50:28","modified_gmt":"2010-01-13T11:50:28","slug":"cumbre-europea-sobre-derechos-y-libertades-en-la-granja-segovia","status":"publish","type":"post","link":"https:\/\/jesusfb.com\/index.php\/2010\/01\/cumbre-europea-sobre-derechos-y-libertades-en-la-granja-segovia\/","title":{"rendered":"Cumbre europea sobre derechos y libertades en La Granja (Segovia)"},"content":{"rendered":"<p style=\"text-align: justify;\"><img loading=\"lazy\" decoding=\"async\" class=\"alignleft size-medium wp-image-1658\" title=\"Palacio de La Granja\" src=\"http:\/\/www.logopress.es\/wp-content\/uploads\/2010\/01\/Palacio-de-La-Granja-300x200.jpg\" alt=\"Palacio de La Granja\" width=\"300\" height=\"200\" \/>Los ministros para Europa de los 27 Estados miembros se re\u00fanen hoy y ma\u00f1ana, en La Granja (Segovia), para abordar cuestiones que el Gobierno espa\u00f1ol considera necesitan el impulso de los responsables pol\u00edticos europeos, si se ha de cumplir con las expectativas ciudadanas que ha generado el Tratado de Lisboa, que entr\u00f3 en vigor el pasado 1 de diciembre tras un largo proceso de negociaciones.<\/p>\n<p>La plena aplicaci\u00f3n del nuevo Tratado es una de las principales responsabilidades de la Presidencia espa\u00f1ola pues se considera que los ciudadanos de Europa han de percibir cuanto antes que la UE ha entrado en una nueva etapa. Por esta raz\u00f3n, la primera reuni\u00f3n ministerial que se celebra bajo Presidencia espa\u00f1ola est\u00e1 dedicada a esta cuesti\u00f3n.<\/p>\n<p>Durante la jornada del mi\u00e9rcoles, los ministros abordar\u00e1n cuatro asuntos en particular que introduce como novedades el Tratado de Lisboa:<\/p>\n<p>\u2022La iniciativa legislativa popular: Con arreglo a este nuevo instrumento de participaci\u00f3n ciudadana, al menos un mill\u00f3n de europeos, nacionales de un n\u00famero significativo de Estados miembros, podr\u00e1n invitar a la Comisi\u00f3n a formular una propuesta legislativa sobre asuntos que crean deben ser regulados a escala europea. Se trata de un instrumento fundamental para dar voz a los ciudadanos en los asuntos de la Uni\u00f3n. La Presidencia espa\u00f1ola desea que este instrumento de democracia directa se convierta en una realidad al servicio de los ciudadanos europeos en el menor plazo de tiempo posible. Por ello, impulsar\u00e1 la aprobaci\u00f3n por parte del Parlamento Europeo y del Consejo de un reglamento en el que se fijar\u00e1n las condiciones y los procedimientos requeridos para canalizar esta iniciativa, por lo que emplazar\u00e1 a la Comisi\u00f3n a que presente sin dilaci\u00f3n la correspondiente propuesta.<\/p>\n<p style=\"text-align: justify;\">\u2022El lanzamiento del Servicio Europeo de Acci\u00f3n Exterior: Este nuevo servicio europeo est\u00e1 destinado a dotar de mayor coherencia y eficacia a la acci\u00f3n exterior de la Uni\u00f3n y se compondr\u00e1 de funcionarios de la Comisi\u00f3n, de la Secretar\u00eda General del Consejo, y de los Estados miembros. Sobre la base de los trabajos preparatorios plasmados en el Informe de la Presidencia sueca al Consejo Europeo de octubre, corresponde a la Presidencia espa\u00f1ola colaborar con la Alta Representante para lograr el objetivo fijado por los Jefes de Estado y de Gobierno de la UE de aprobar las normas jur\u00eddicas necesarias para su establecimiento, antes de finales de abril de 2010, y asegurar su r\u00e1pida puesta en marcha, para lo que cooperar\u00e1 tambi\u00e9n estrechamente con la Comisi\u00f3n y con el Parlamento europeo.<\/p>\n<p>\u2022La cl\u00e1usula de solidaridad: El Tratado de Lisboa sienta la base jur\u00eddica necesaria para que los Estados miembros y la Uni\u00f3n puedan prestarse mutua asistencia en casos de ataque terrorista o de cat\u00e1strofe natural o de origen humano. Se trata de un instrumento innovador que contribuir\u00e1 a reforzar la protecci\u00f3n de los ciudadanos europeos. Su desarrollo requiere la propuesta conjunta de la Comisi\u00f3n Europea y de la Alta Representante.\n<\/p>\n<p style=\"text-align: justify;\">\u2022La adhesi\u00f3n al Convenio Europeo de Protecci\u00f3n de los Derechos Humanos y las Libertades Fundamentales del Consejo de Europa: Europa debe estar a la vanguardia de la defensa y promoci\u00f3n de los derechos humanos. Siguiendo el mandato del Tratado de Lisboa, la Presidencia espa\u00f1ola iniciar\u00e1 el proceso de adhesi\u00f3n de la UE. Esta adhesi\u00f3n refleja el compromiso de la UE con el respeto de los derechos humanos y complementa la aprobaci\u00f3n de la Carta de los derechos fundamentales. Supondr\u00e1 una garant\u00eda adicional para su protecci\u00f3n efectiva. Sobre la base de la propuesta que presentar\u00e1 la Comisi\u00f3n, la Presidencia espa\u00f1ola impulsar\u00e1 las negociaciones con el fin de encontrar f\u00f3rmulas consensuadas que respeten las especificidades comunitarias y las sensibilidades de todos los Estados.<\/p>\n","protected":false},"excerpt":{"rendered":"<p>Los ministros para Europa de los 27 Estados miembros se re\u00fanen hoy y ma\u00f1ana, en La Granja (Segovia), para abordar cuestiones que el Gobierno espa\u00f1ol considera necesitan el impulso de los responsables pol\u00edticos europeos, si se ha de cumplir con &hellip;<\/p>\n<p class=\"read-more\"><a href=\"https:\/\/jesusfb.com\/index.php\/2010\/01\/cumbre-europea-sobre-derechos-y-libertades-en-la-granja-segovia\/\">Leer m\u00e1s &raquo;<\/a><\/p>\n","protected":false},"author":2,"featured_media":0,"comment_status":"open","ping_status":"closed","sticky":false,"template":"","format":"standard","meta":{"footnotes":"","jetpack_publicize_message":"","jetpack_publicize_feature_enabled":true,"jetpack_social_post_already_shared":false,"jetpack_social_options":{"image_generator_settings":{"template":"highway","default_image_id":0,"font":"","enabled":false},"version":2}},"categories":[8],"tags":[762,1042,1219,1266,1344,1794,2016,2256,2423,2476,2982,3168,3562,3611,3867,3970],"class_list":["post-1657","post","type-post","status-publish","format-standard","hentry","category-politica","tag-coherencia","tag-de-mayor","tag-dotar","tag-eficacia","tag-el-impulso","tag-gobierno-espanol","tag-iniciativa-legislativa-popular","tag-la-jornada","tag-lisboa","tag-los-ministros","tag-parlamento-europeo","tag-presidencia-espanola-de-la-union-europea","tag-segovia","tag-sin","tag-ue","tag-vigor"],"aioseo_notices":[],"jetpack_publicize_connections":[],"jetpack_featured_media_url":"","_links":{"self":[{"href":"https:\/\/jesusfb.com\/index.php\/wp-json\/wp\/v2\/posts\/1657","targetHints":{"allow":["GET"]}}],"collection":[{"href":"https:\/\/jesusfb.com\/index.php\/wp-json\/wp\/v2\/posts"}],"about":[{"href":"https:\/\/jesusfb.com\/index.php\/wp-json\/wp\/v2\/types\/post"}],"author":[{"embeddable":true,"href":"https:\/\/jesusfb.com\/index.php\/wp-json\/wp\/v2\/users\/2"}],"replies":[{"embeddable":true,"href":"https:\/\/jesusfb.com\/index.php\/wp-json\/wp\/v2\/comments?post=1657"}],"version-history":[{"count":0,"href":"https:\/\/jesusfb.com\/index.php\/wp-json\/wp\/v2\/posts\/1657\/revisions"}],"wp:attachment":[{"href":"https:\/\/jesusfb.com\/index.php\/wp-json\/wp\/v2\/media?parent=1657"}],"wp:term":[{"taxonomy":"category","embeddable":true,"href":"https:\/\/jesusfb.com\/index.php\/wp-json\/wp\/v2\/categories?post=1657"},{"taxonomy":"post_tag","embeddable":true,"href":"https:\/\/jesusfb.com\/index.php\/wp-json\/wp\/v2\/tags?post=1657"}],"curies":[{"name":"wp","href":"https:\/\/api.w.org\/{rel}","templated":true}]}}