{"id":1425,"date":"2009-11-05T16:01:00","date_gmt":"2009-11-05T15:01:00","guid":{"rendered":"http:\/\/eco.logopress.es\/?p=1425"},"modified":"2009-11-05T16:01:00","modified_gmt":"2009-11-05T15:01:00","slug":"telefonica-compra-hansenet-tras-llegar-a-un-acuerdo-con-telecom-italia","status":"publish","type":"post","link":"https:\/\/jesusfb.com\/index.php\/2009\/11\/telefonica-compra-hansenet-tras-llegar-a-un-acuerdo-con-telecom-italia\/","title":{"rendered":"Telef\u00f3nica compra Hansenet tras llegar a un acuerdo con Telecom Italia"},"content":{"rendered":"<p style=\"text-align: justify;\">Telef\u00f3nica S.A. y Telecom Italia han firmado hoy un acuerdo para la compraventa de Hansenet por un valor del activo de 900 millones de euros que se pagar\u00e1 en efectivo. Una vez finalice la adquisici\u00f3n del proveedor de banda ancha, Telef\u00f3nica O2 Alemania se convertir\u00e1 en el tercer operador del mercado alem\u00e1n en t\u00e9rminos de ingresos. Los ingresos anuales totales combinados alcanzar\u00e1n cerca de 5.000 millones de euros. La transacci\u00f3n est\u00e1 sujeta a la firma definitiva del acuerdo y a la aprobaci\u00f3n de las autoridades de la competencia y se estima que el proceso finalice a lo largo del primer trimestre de 2010.<\/p>\n<p>\u201cEn su posici\u00f3n como uno de los proveedores l\u00edderes de banda ancha en Alemania, Hansenet es el complemento perfecto para O2. Ambas compa\u00f1\u00edas se caracterizan por su esp\u00edritu de superaci\u00f3n y por haber demostrado su capacidad de tener \u00e9xito en sus respectivos negocios\u201d, dijo Matthew Key, presidente de Telef\u00f3nica Europa. \u201cLa integraci\u00f3n de Hansenet en el grupo Telef\u00f3nica supondr\u00e1 para la Compa\u00f1\u00eda un significativo paso adelante en su posici\u00f3n como proveedor europeo integrado de telecomunicaciones, subrayando con este acuerdo nuestro firme compromiso con el mercado alem\u00e1n.\u201d<\/p>\n<p>Tras el cierre de la operaci\u00f3n, Telef\u00f3nica O2 Alemania incorporar\u00e1 los cerca de 2,2 millones de clientes de banda ancha de Hansenet y reforzar\u00e1 su capacidad para ofrecer productos y servicios de telefon\u00eda fija y m\u00f3vil paquetizados. De esta forma, Telef\u00f3nica se posicionar\u00eda como uno de los principales operadores integrados de telecomunicaciones de Alemania, con 15 millones de clientes m\u00f3viles y 2,4 millones de clientes de banda ancha.<\/p>\n","protected":false},"excerpt":{"rendered":"<p>Telef\u00f3nica S.A. y Telecom Italia han firmado hoy un acuerdo para la compraventa de Hansenet por un valor del activo de 900 millones de euros que se pagar\u00e1 en efectivo. Una vez finalice la adquisici\u00f3n del proveedor de banda ancha, &hellip;<\/p>\n<p class=\"read-more\"><a href=\"https:\/\/jesusfb.com\/index.php\/2009\/11\/telefonica-compra-hansenet-tras-llegar-a-un-acuerdo-con-telecom-italia\/\">Leer m\u00e1s &raquo;<\/a><\/p>\n","protected":false},"author":2,"featured_media":0,"comment_status":"open","ping_status":"closed","sticky":false,"template":"","format":"standard","meta":{"footnotes":"","jetpack_publicize_message":"","jetpack_publicize_feature_enabled":true,"jetpack_social_post_already_shared":false,"jetpack_social_options":{"image_generator_settings":{"template":"highway","default_image_id":0,"font":"","enabled":false},"version":2}},"categories":[6],"tags":[159,380,1564,2241,3195,3749,3750],"class_list":["post-1425","post","type-post","status-publish","format-standard","hentry","category-empresas","tag-alemania","tag-banda-ancha","tag-europa","tag-la-firma","tag-primer-trimestre","tag-telecom-italia","tag-telecomunicaciones"],"aioseo_notices":[],"jetpack_publicize_connections":[],"jetpack_featured_media_url":"","_links":{"self":[{"href":"https:\/\/jesusfb.com\/index.php\/wp-json\/wp\/v2\/posts\/1425","targetHints":{"allow":["GET"]}}],"collection":[{"href":"https:\/\/jesusfb.com\/index.php\/wp-json\/wp\/v2\/posts"}],"about":[{"href":"https:\/\/jesusfb.com\/index.php\/wp-json\/wp\/v2\/types\/post"}],"author":[{"embeddable":true,"href":"https:\/\/jesusfb.com\/index.php\/wp-json\/wp\/v2\/users\/2"}],"replies":[{"embeddable":true,"href":"https:\/\/jesusfb.com\/index.php\/wp-json\/wp\/v2\/comments?post=1425"}],"version-history":[{"count":0,"href":"https:\/\/jesusfb.com\/index.php\/wp-json\/wp\/v2\/posts\/1425\/revisions"}],"wp:attachment":[{"href":"https:\/\/jesusfb.com\/index.php\/wp-json\/wp\/v2\/media?parent=1425"}],"wp:term":[{"taxonomy":"category","embeddable":true,"href":"https:\/\/jesusfb.com\/index.php\/wp-json\/wp\/v2\/categories?post=1425"},{"taxonomy":"post_tag","embeddable":true,"href":"https:\/\/jesusfb.com\/index.php\/wp-json\/wp\/v2\/tags?post=1425"}],"curies":[{"name":"wp","href":"https:\/\/api.w.org\/{rel}","templated":true}]}}